{"id":111808,"date":"2022-08-05T09:06:17","date_gmt":"2022-08-05T12:06:17","guid":{"rendered":"http:\/\/vinasfm.com\/noticias\/?p=111808"},"modified":"2022-08-06T10:18:13","modified_gmt":"2022-08-06T13:18:13","slug":"hoy-podria-haber-sentencia-en-el-juicio-contra-el-alvearense-juan-carlos-guaimas","status":"publish","type":"post","link":"https:\/\/vinasfm.com\/noticias\/hoy-podria-haber-sentencia-en-el-juicio-contra-el-alvearense-juan-carlos-guaimas\/","title":{"rendered":"HABR\u00c1 SENTENCIA EN EL JUICIO CONTRA EL ALVEARENSE JUAN CARLOS GUAIM\u00c1S"},"content":{"rendered":"<h4><span style=\"color: #000000;\"><strong>El juicio que se le sigue a Juan Carlos Guaimas, el ex empleado municipal de General Alvear que est\u00e1 acusado de tenencia y distribuci\u00f3n de material de abuso sexual a menores de edad, podr\u00eda llegar hoy a su fin si el tribunal integrado por los jueces Rodolfo Luque, Jorge Bittar y Ariel Hern\u00e1ndez dicta sentencia en el proceso.<\/strong><\/span><\/h4>\n<p><span style=\"color: #000000;\">El mi\u00e9rcoles, en el marco de los alegatos de cierre, el fiscal actuante \u2013<strong>Javier Giaroli- pidi\u00f3 el m\u00e1ximo de la pena para el acusado, solicitando que se lo condene a la pena de 6 a\u00f1os de prisi\u00f3n<\/strong>. En tanto, para hoy est\u00e1 previsto que la defensa del imputado alegue, tras lo cual el tribunal pasar\u00eda a deliberar y, eventualmente, dictar sentencia. Si no es hoy, <strong>el pronunciamiento de los jueces llegar\u00eda el lunes.<\/strong><\/span><\/p>\n<p><span style=\"color: #000000;\"><span style=\"color: #000000;\">Tras las declaraciones testimoniales y periciales rendidas en la causa, fuentes tribunalicias estimaron que el plexo probatorio es lo suficientemente concreto para que el alvearense sea condenado. Y es que casi no hay dudas de que <\/span><b style=\"color: #000000;\">Guaimas envi\u00f3 a trav\u00e9s de Messenger una foto y tres <\/b><span style=\"color: #000000;\"><b>v\u00eddeos<\/b><\/span><b style=\"color: #000000;\"> conteniendo im\u00e1genes de abusos sexuales a menores a un usuario de Myanmar<\/b><span style=\"color: #000000;\">, la ex Birmania.<\/span><\/span><\/p>\n<p><span style=\"color: #000000;\">Cabe recordar que Guaimas est\u00e1 acusado del delito descripto en el art\u00edculo 128 inciso 2 del C\u00f3digo Penal, que reza: \u201c<strong><em>Ser\u00e1 reprimido con prisi\u00f3n de tres (3) a seis (6) a\u00f1os el que produjere, financiare, ofreciere, comerciare, publicare, facilitare, divulgare o distribuyere, por cualquier medio, toda representaci\u00f3n de un menor de dieciocho (18) a\u00f1os dedicado a actividades sexuales expl\u00edcitas o toda representaci\u00f3n de sus partes genitales con fines predominantemente sexuales, al igual que el que organizare espect\u00e1culos en vivo de representaciones sexuales expl\u00edcitas en que participaren dichos menores<\/em><\/strong>\u201d.\u00a0<\/span><\/p>\n","protected":false},"excerpt":{"rendered":"<p>El juicio que se le sigue a Juan Carlos Guaimas, el ex empleado municipal de General Alvear que est\u00e1 acusado de &#8230;<\/p>\n","protected":false},"author":8,"featured_media":63078,"comment_status":"open","ping_status":"open","sticky":false,"template":"","format":"standard","meta":{"footnotes":""},"categories":[5,4],"tags":[],"class_list":["post-111808","post","type-post","status-publish","format-standard","has-post-thumbnail","hentry","category-actualidad","category-policiales"],"_links":{"self":[{"href":"https:\/\/vinasfm.com\/noticias\/wp-json\/wp\/v2\/posts\/111808","targetHints":{"allow":["GET"]}}],"collection":[{"href":"https:\/\/vinasfm.com\/noticias\/wp-json\/wp\/v2\/posts"}],"about":[{"href":"https:\/\/vinasfm.com\/noticias\/wp-json\/wp\/v2\/types\/post"}],"author":[{"embeddable":true,"href":"https:\/\/vinasfm.com\/noticias\/wp-json\/wp\/v2\/users\/8"}],"replies":[{"embeddable":true,"href":"https:\/\/vinasfm.com\/noticias\/wp-json\/wp\/v2\/comments?post=111808"}],"version-history":[{"count":5,"href":"https:\/\/vinasfm.com\/noticias\/wp-json\/wp\/v2\/posts\/111808\/revisions"}],"predecessor-version":[{"id":111881,"href":"https:\/\/vinasfm.com\/noticias\/wp-json\/wp\/v2\/posts\/111808\/revisions\/111881"}],"wp:featuredmedia":[{"embeddable":true,"href":"https:\/\/vinasfm.com\/noticias\/wp-json\/wp\/v2\/media\/63078"}],"wp:attachment":[{"href":"https:\/\/vinasfm.com\/noticias\/wp-json\/wp\/v2\/media?parent=111808"}],"wp:term":[{"taxonomy":"category","embeddable":true,"href":"https:\/\/vinasfm.com\/noticias\/wp-json\/wp\/v2\/categories?post=111808"},{"taxonomy":"post_tag","embeddable":true,"href":"https:\/\/vinasfm.com\/noticias\/wp-json\/wp\/v2\/tags?post=111808"}],"curies":[{"name":"wp","href":"https:\/\/api.w.org\/{rel}","templated":true}]}}