{"id":111801,"date":"2022-08-03T10:22:01","date_gmt":"2022-08-03T13:22:01","guid":{"rendered":"http:\/\/vinasfm.com\/noticias\/?p=111801"},"modified":"2022-08-08T09:51:14","modified_gmt":"2022-08-08T12:51:14","slug":"ciudades-conectadas-llegara-este-viernes-a-san-rafael-y-habra-presencia-de-intendentes-mendocinos","status":"publish","type":"post","link":"https:\/\/vinasfm.com\/noticias\/ciudades-conectadas-llegara-este-viernes-a-san-rafael-y-habra-presencia-de-intendentes-mendocinos\/","title":{"rendered":"CIUDADES CONECTADAS LLEGAR\u00c1 ESTE VIERNES A SAN RAFAEL Y HABR\u00c1 PRESENCIA DE INTENDENTES MENDOCINOS"},"content":{"rendered":"<h4><span style=\"color: #000000;\"><strong>El evento se federaliza y, en su s\u00e9ptima edici\u00f3n, estar\u00e1 en el Sur de la provincia. Ciudades Conectadas llegar\u00e1 este viernes a\u00a0San Rafael. El cl\u00e1sico evento se federaliza y este a\u00f1o, en su s\u00e9ptima edici\u00f3n, arribar\u00e1 a distintas regiones de Mendoza.<\/strong><\/span><\/h4>\n<p><span style=\"color: #000000;\">Algunos de los expositores ser\u00e1n los intendentes de General Alvear,\u00a0<strong>Walther Marcolini<\/strong>, y de Malarg\u00fce,\u00a0<strong>Juan Manuel Ojeda<\/strong>.<\/span><\/p>\n<p><span style=\"color: #000000;\">Adem\u00e1s, asistir\u00e1\u00a0<strong>Tadeo Garc\u00eda Zalazar<\/strong>, uno de los gestores del encuentro, que desde 2016 tuvo como sede el Parque TIC de Godoy Cruz, y el intendente local\u00a0<strong>Emir F\u00e9lix<\/strong>\u00a0participar\u00e1 de manera virtual en la apertura de la jornada.<\/span><\/p>\n<p><span style=\"color: #000000;\">De esta manera, Ciudades Conectadas se traslada al Sur y el escenario ser\u00e1 el Centro de Congresos y Exposiciones Alfredo Bufano.<\/span><\/p>\n<p><span style=\"color: #000000;\">Planificaci\u00f3n, administraci\u00f3n y gobernanza de las ciudades de forma sostenible son algunos de los temas de los que se hablar\u00e1. Mientras que la meta es maximizar las oportunidades econ\u00f3micas y minimizar los da\u00f1os ambientales.<\/span><\/p>\n<p><span style=\"color: #000000;\">Entonces, a partir de las 9, se desarrollar\u00e1 el primero de los cuatro episodios del evento, que tambi\u00e9n se trasladar\u00e1 al\u00a0<strong>Valle de Uco,\u00a0<\/strong><strong>a<\/strong><strong>l Este y\u00a0<\/strong><strong>a<\/strong><strong>l Gran Mendoza.<\/strong><\/span><\/p>\n<p><span style=\"color: #000000;\">Por otro lado, los paneles ser\u00e1n\u00a0<strong>Desaf\u00edos Territoriales y Cambio Clim\u00e1tico e Innovaci\u00f3n y Servicios Municipales.<\/strong><\/span><\/p>\n<p><span style=\"color: #000000;\">Finalmente, Ciudades Conectadas Oasis Sur\u00a0est\u00e1 organizada por el\u00a0Centro de Estudios de H\u00e1bitat Humano (CEHA) y cuenta con el apoyo del\u00a0Gobierno de Mendoza\u00a0y la\u00a0UNCuyo.<\/span><\/p>\n<p><span style=\"color: #000000;\">Las alternativas podr\u00e1n ser seguidas a trav\u00e9s de la p\u00e1gina de <a href=\"https:\/\/www.facebook.com\/MendozaGobierno\">Facebook del Gobierno de Mendoza<\/a><\/span><\/p>\n<p><span style=\"color: #000000;\"><strong>El programa y los temas a tratar<\/strong><\/span><\/p>\n<p><span style=\"color: #000000;\">El objetivo en este 2022 ser\u00e1 promover y profundizar las relaciones entre ciudades para promover los Objetivos de Desarrollo Sostenible vincul\u00e1ndolos con el incremento de la calidad de vida de los ciudadanos, una mayor eficiencia de los recursos disponibles y una participaci\u00f3n ciudadana activa.<\/span><\/p>\n<p><span style=\"color: #000000;\">As\u00ed, en base a esto se proyecta con el desarrollo de nuevas pol\u00edticas que generen y promuevan la vida sustentable.<\/span><\/p>\n<p><span style=\"color: #000000;\">Dentro de los temas a tratar estar\u00e1n el Estado\/Gobierno abierto: Transparencia de la informaci\u00f3n, participaci\u00f3n ciudadana y cogesti\u00f3n municipal.<\/span><\/p>\n<p><span style=\"color: #000000;\"><strong>El primer panel ser\u00e1\u00a0Innovaci\u00f3n y servicios municipales<\/strong><\/span><\/p>\n<ul>\n<li><span style=\"color: #000000;\">Saberes Locales. Respuestas colectivas. Enfoque de derecho, con la profesora\u00a0Andrea Mattacota.<\/span><\/li>\n<li><span style=\"color: #000000;\">Modernizaci\u00f3n del Estado- Innovaci\u00f3n. Fomento de conectividad en la provincia, magister\u00a0Alejandro Zlotolow.<\/span><\/li>\n<li><span style=\"color: #000000;\">Innovaci\u00f3n en materia de residuos, doctora\u00a0Bel\u00e9n Levatino.<\/span><\/li>\n<\/ul>\n<p><span style=\"color: #000000;\">El segundo estar\u00e1 dedicado a\u00a0<strong>Desaf\u00edos Territoriales y Cambio Clim\u00e1tico.<\/strong><\/span><\/p>\n<p><span style=\"color: #000000;\">En\u00a0Matriz productiva\u00a0donde expondr\u00e1n:<\/span><\/p>\n<ul>\n<li><span style=\"color: #000000;\">Bioqu\u00edmico\u00a0Samuel Federico Barcudi<\/span><\/li>\n<li><span style=\"color: #000000;\">Licenciado\u00a0Juan Manuel Ojeda\u00a0(Intendente de Malarg\u00fce)<\/span><\/li>\n<li><span style=\"color: #000000;\">Profesor\u00a0Oscar Jaime Restrepo\u00a0(Colombia)<\/span><\/li>\n<\/ul>\n<p><span style=\"color: #000000;\"><strong>En\u00a0Cambio Clim\u00e1tico y agua\u00a0estar\u00e1n:<\/strong><\/span><\/p>\n<ul>\n<li><span style=\"color: #000000;\">Ingeniera\u00a0Carolina Alzate\u00a0(Colombia)<\/span><\/li>\n<li><span style=\"color: #000000;\">Ingeniero\u00a0Ricardo Bertolino\u00a0(RAMCC)<\/span><\/li>\n<li><span style=\"color: #000000;\"><strong>Licenciado\u00a0Walther Marcolini\u00a0(Intendente de General Alvear)<\/strong><\/span><\/li>\n<\/ul>\n","protected":false},"excerpt":{"rendered":"<p>El evento se federaliza y, en su s\u00e9ptima edici\u00f3n, estar\u00e1 en el Sur de la provincia. Ciudades Conectadas llegar\u00e1 este viernes &#8230;<\/p>\n","protected":false},"author":7,"featured_media":111802,"comment_status":"open","ping_status":"open","sticky":false,"template":"","format":"standard","meta":{"footnotes":""},"categories":[5,10],"tags":[],"class_list":["post-111801","post","type-post","status-publish","format-standard","has-post-thumbnail","hentry","category-actualidad","category-destacadas"],"_links":{"self":[{"href":"https:\/\/vinasfm.com\/noticias\/wp-json\/wp\/v2\/posts\/111801","targetHints":{"allow":["GET"]}}],"collection":[{"href":"https:\/\/vinasfm.com\/noticias\/wp-json\/wp\/v2\/posts"}],"about":[{"href":"https:\/\/vinasfm.com\/noticias\/wp-json\/wp\/v2\/types\/post"}],"author":[{"embeddable":true,"href":"https:\/\/vinasfm.com\/noticias\/wp-json\/wp\/v2\/users\/7"}],"replies":[{"embeddable":true,"href":"https:\/\/vinasfm.com\/noticias\/wp-json\/wp\/v2\/comments?post=111801"}],"version-history":[{"count":3,"href":"https:\/\/vinasfm.com\/noticias\/wp-json\/wp\/v2\/posts\/111801\/revisions"}],"predecessor-version":[{"id":111816,"href":"https:\/\/vinasfm.com\/noticias\/wp-json\/wp\/v2\/posts\/111801\/revisions\/111816"}],"wp:featuredmedia":[{"embeddable":true,"href":"https:\/\/vinasfm.com\/noticias\/wp-json\/wp\/v2\/media\/111802"}],"wp:attachment":[{"href":"https:\/\/vinasfm.com\/noticias\/wp-json\/wp\/v2\/media?parent=111801"}],"wp:term":[{"taxonomy":"category","embeddable":true,"href":"https:\/\/vinasfm.com\/noticias\/wp-json\/wp\/v2\/categories?post=111801"},{"taxonomy":"post_tag","embeddable":true,"href":"https:\/\/vinasfm.com\/noticias\/wp-json\/wp\/v2\/tags?post=111801"}],"curies":[{"name":"wp","href":"https:\/\/api.w.org\/{rel}","templated":true}]}}