{"id":111787,"date":"2022-08-04T23:57:20","date_gmt":"2022-08-05T02:57:20","guid":{"rendered":"http:\/\/vinasfm.com\/noticias\/?p=111787"},"modified":"2022-08-05T10:39:14","modified_gmt":"2022-08-05T13:39:14","slug":"robaron-un-tv-y-dos-mochilas-en-una-vivienda-del-b-soemga","status":"publish","type":"post","link":"https:\/\/vinasfm.com\/noticias\/robaron-un-tv-y-dos-mochilas-en-una-vivienda-del-b-soemga\/","title":{"rendered":"ROBARON UN TV Y DOS MOCHILAS EN UNA VIVIENDA DEL B\u00b0 SOEMGA"},"content":{"rendered":"<h4><span style=\"color: #000000;\"><strong>Este mi\u00e9rcoles, una familia que reside en Barrio Soemga fue v\u00edctima de un hecho delictivo en el cual le sustrajeron dos mochilas y un televisor. <\/strong><\/span><\/h4>\n<h4><span style=\"color: #000000;\"><strong>De acuerdo a lo que coment\u00f3 la propietaria, delincuentes ingresaron a su vivienda y se llevaron un televisor, una mochila que conten\u00eda carpetas de estudio de su hijo y una mochila en la que hab\u00eda un ambo y un sellos profesional. <\/strong><\/span><\/h4>\n<h4><span style=\"color: #000000;\"><strong>Ante esto, piden que ante cualquier informaci\u00f3n sobre el paradero de los elementos se comuniquen al 2625 53-2625.<\/strong><\/span><\/h4>\n","protected":false},"excerpt":{"rendered":"<p>Este mi\u00e9rcoles, una familia que reside en Barrio Soemga fue v\u00edctima de un hecho delictivo en el cual le sustrajeron dos &#8230;<\/p>\n","protected":false},"author":8,"featured_media":66502,"comment_status":"open","ping_status":"open","sticky":false,"template":"","format":"standard","meta":{"footnotes":""},"categories":[5,4],"tags":[],"class_list":["post-111787","post","type-post","status-publish","format-standard","has-post-thumbnail","hentry","category-actualidad","category-policiales"],"_links":{"self":[{"href":"https:\/\/vinasfm.com\/noticias\/wp-json\/wp\/v2\/posts\/111787","targetHints":{"allow":["GET"]}}],"collection":[{"href":"https:\/\/vinasfm.com\/noticias\/wp-json\/wp\/v2\/posts"}],"about":[{"href":"https:\/\/vinasfm.com\/noticias\/wp-json\/wp\/v2\/types\/post"}],"author":[{"embeddable":true,"href":"https:\/\/vinasfm.com\/noticias\/wp-json\/wp\/v2\/users\/8"}],"replies":[{"embeddable":true,"href":"https:\/\/vinasfm.com\/noticias\/wp-json\/wp\/v2\/comments?post=111787"}],"version-history":[{"count":2,"href":"https:\/\/vinasfm.com\/noticias\/wp-json\/wp\/v2\/posts\/111787\/revisions"}],"predecessor-version":[{"id":111862,"href":"https:\/\/vinasfm.com\/noticias\/wp-json\/wp\/v2\/posts\/111787\/revisions\/111862"}],"wp:featuredmedia":[{"embeddable":true,"href":"https:\/\/vinasfm.com\/noticias\/wp-json\/wp\/v2\/media\/66502"}],"wp:attachment":[{"href":"https:\/\/vinasfm.com\/noticias\/wp-json\/wp\/v2\/media?parent=111787"}],"wp:term":[{"taxonomy":"category","embeddable":true,"href":"https:\/\/vinasfm.com\/noticias\/wp-json\/wp\/v2\/categories?post=111787"},{"taxonomy":"post_tag","embeddable":true,"href":"https:\/\/vinasfm.com\/noticias\/wp-json\/wp\/v2\/tags?post=111787"}],"curies":[{"name":"wp","href":"https:\/\/api.w.org\/{rel}","templated":true}]}}