{"id":111773,"date":"2022-08-04T23:55:44","date_gmt":"2022-08-05T02:55:44","guid":{"rendered":"http:\/\/vinasfm.com\/noticias\/?p=111773"},"modified":"2022-08-05T09:14:10","modified_gmt":"2022-08-05T12:14:10","slug":"desde-la-fundacion-oportunidades-se-llevara-a-cabo-una-campana-de-alimentos","status":"publish","type":"post","link":"https:\/\/vinasfm.com\/noticias\/desde-la-fundacion-oportunidades-se-llevara-a-cabo-una-campana-de-alimentos\/","title":{"rendered":"LANZARON UNA CAMPA\u00d1A SOLIDARIA PARA AYUDAR A LA FUNDACI\u00d3N OPORTUNIDADES"},"content":{"rendered":"<h4><span style=\"color: #000000;\"><strong>La Fundaci\u00f3n Oportunidades realizar\u00e1 una campa\u00f1a de recolecci\u00f3n alimentos el d\u00eda 6 de agosto en la puerta del supermercado Vea. En la ma\u00f1ana ser\u00e1 de 9 a 13 hs y por la tarde de 17 a 20 hs. Los vecinos podr\u00e1n donar alimentos no perecederos, elementos de higiene y dinero en efectivo para ayudar a sostener la instituci\u00f3n.<\/strong><\/span><\/h4>\n<p><span style=\"color: #000000;\">Maria Silvia Sad, representante de la Fundaci\u00f3n Oportunidades, enfatiz\u00f3 acerca de la nueva campa\u00f1a que llevar\u00e1n a cabo <strong>\u00abLa idea es que todo lo que se recaude pueda ser utilizando tanto en el centro de prevenci\u00f3n de desnutrici\u00f3n infantil como en la residencia Virgen Ni\u00f1a, la idea es que puedan donar alimentos no perecederos para todos los chicos\u00bb\u00a0<\/strong>destac\u00f3 en di\u00e1logo con <strong>F.M VI\u00d1AS<\/strong><\/span><\/p>\n<p><span style=\"color: #000000;\">Adem\u00e1s detall\u00f3 otro punto donde se podr\u00e1 dejar la donaci\u00f3n que cada uno desee <strong>\u00abSe puede dejar una donaci\u00f3n en la tienda ropa informal Aciar ah\u00ed est\u00e1n N\u00e9stor y Ani que son parte de la fundaci\u00f3n y siempre est\u00e1n dispuestos a ayudar<\/strong>\u00bb Tambi\u00e9n destac\u00f3 que si quieren ayudar de otra forma lo pueden hacer aportando econ\u00f3micamente a trav\u00e9s de su CBU.<\/span><\/p>\n<p><span style=\"color: #000000;\"><strong>Fundaci\u00f3n Oportunidades &#8211; Conin:0110266840026610866762<\/strong><\/span><\/p>\n<h6><span style=\"color: #000000;\"><strong>Ludmila Lucero<\/strong><\/span><\/h6>\n","protected":false},"excerpt":{"rendered":"<p>La Fundaci\u00f3n Oportunidades realizar\u00e1 una campa\u00f1a de recolecci\u00f3n alimentos el d\u00eda 6 de agosto en la puerta del supermercado Vea. En &#8230;<\/p>\n","protected":false},"author":7,"featured_media":111774,"comment_status":"open","ping_status":"open","sticky":false,"template":"","format":"standard","meta":{"footnotes":""},"categories":[5,10],"tags":[],"class_list":["post-111773","post","type-post","status-publish","format-standard","has-post-thumbnail","hentry","category-actualidad","category-destacadas"],"_links":{"self":[{"href":"https:\/\/vinasfm.com\/noticias\/wp-json\/wp\/v2\/posts\/111773","targetHints":{"allow":["GET"]}}],"collection":[{"href":"https:\/\/vinasfm.com\/noticias\/wp-json\/wp\/v2\/posts"}],"about":[{"href":"https:\/\/vinasfm.com\/noticias\/wp-json\/wp\/v2\/types\/post"}],"author":[{"embeddable":true,"href":"https:\/\/vinasfm.com\/noticias\/wp-json\/wp\/v2\/users\/7"}],"replies":[{"embeddable":true,"href":"https:\/\/vinasfm.com\/noticias\/wp-json\/wp\/v2\/comments?post=111773"}],"version-history":[{"count":4,"href":"https:\/\/vinasfm.com\/noticias\/wp-json\/wp\/v2\/posts\/111773\/revisions"}],"predecessor-version":[{"id":111793,"href":"https:\/\/vinasfm.com\/noticias\/wp-json\/wp\/v2\/posts\/111773\/revisions\/111793"}],"wp:featuredmedia":[{"embeddable":true,"href":"https:\/\/vinasfm.com\/noticias\/wp-json\/wp\/v2\/media\/111774"}],"wp:attachment":[{"href":"https:\/\/vinasfm.com\/noticias\/wp-json\/wp\/v2\/media?parent=111773"}],"wp:term":[{"taxonomy":"category","embeddable":true,"href":"https:\/\/vinasfm.com\/noticias\/wp-json\/wp\/v2\/categories?post=111773"},{"taxonomy":"post_tag","embeddable":true,"href":"https:\/\/vinasfm.com\/noticias\/wp-json\/wp\/v2\/tags?post=111773"}],"curies":[{"name":"wp","href":"https:\/\/api.w.org\/{rel}","templated":true}]}}