{"id":111718,"date":"2022-08-03T23:59:28","date_gmt":"2022-08-04T02:59:28","guid":{"rendered":"http:\/\/vinasfm.com\/noticias\/?p=111718"},"modified":"2022-08-05T08:52:45","modified_gmt":"2022-08-05T11:52:45","slug":"paro-de-trabajadores-de-ate-salud-resiente-algunos-servicios-en-el-hospital-enfermeros-argentinoss","status":"publish","type":"post","link":"https:\/\/vinasfm.com\/noticias\/paro-de-trabajadores-de-ate-salud-resiente-algunos-servicios-en-el-hospital-enfermeros-argentinoss\/","title":{"rendered":"PARO DE TRABAJADORES DE ATE SALUD RESIENTE ALGUNOS SERVICIOS EN EL HOSPITAL ENFERMEROS ARGENTINOS"},"content":{"rendered":"<h4><span style=\"color: #000000;\"><strong>Los trabajadores estatales nucleados en ATE realizan medidas de fuerza en distintos puntos de la provincia en reclamo al que consideran &#8216;insuficiente ofrecimiento salarial&#8217; del Gobierno de Mendoza y la posibilidad de que este otorgue el incremento a trav\u00e9s de un decreto, como con el SUTE.<\/strong><\/span><\/h4>\n<p><span style=\"color: #000000;\">En di\u00e1logo con <em>F.M. Vi\u00f1as<\/em>, la <strong>Delegada de ATE Salud en Alvear Laura\u00a0<\/strong><b>Guti\u00e9rrez<\/b>\u00a0explic\u00f3 que la medida directa consiste en un &#8216;<strong><em>paro intermitente hasta que tengamos una nueva respuesta por parte del gobierno provincia<\/em><\/strong>l&#8217;, y en la misma l\u00ednea subray\u00f3 que por la adhesi\u00f3n de enfermeros, servicio de caldera, maestranza, vacunatorio, laboratorio y estad\u00edstica &#8216;<strong><em>algunos servicios no se prestar\u00e1n pero se garantiza el servicio de guardia para urgencias. Adem\u00e1s se van a posponer los turnos otorgados por lo que pedimos que se acerquen al hospital y se reprogramar\u00e1n<\/em><\/strong>&#8216;.<\/span><\/p>\n<p><span style=\"color: #000000;\">&#8216;<strong><em>Le pedimos a la comunidad que comprenda la situaci\u00f3n y nos apoye porque a\u00fan no hemos recibido una propuesta que beneficie el salario de los trabajadores, que en su momento desde el gobierno nos consideraron esenciales por la pandemia y ahora no porque el aumento que ofrece es bajo y no alcanza ni para llegar a la canasta b\u00e1sica<\/em><\/strong>&#8216;, resalt\u00f3 Guti\u00e9rrez, manifestando que &#8216;<strong><em>hace m\u00e1s de 50 d\u00edas venimos con medidas de fuerza y desde el cuerpo paritario hasta el momento no entienden la situaci\u00f3n en la que estamos<\/em><\/strong>&#8216;.<\/span><\/p>\n<p><span style=\"color: #000000;\">Son parte de las causas del reclamo, &#8216;<strong><em>que no hayan pasado a planta de los 1200 compa\u00f1eros que deb\u00eda regularizarse su situaci\u00f3n en diciembre y seguimos pidiendo un salario de emergencia de $40 mil y el blanqueo de los contratados por Covid<\/em><\/strong>&#8216;.<\/span><\/p>\n<p><span style=\"color: #000000;\">Consultada sobre detenci\u00f3n del Secretario General de ATE, Roberto Macho, la representante gremial se\u00f1al\u00f3: &#8216;<strong><em>El gobierno busca criminalizar la justa protesta de los trabajadores por lo que pedimos la liberaci\u00f3n de Roberto Macho y esto se suma al reclamo que hacemos los trabajadores nucleados en ATE<\/em><\/strong>&#8216;.<\/span><\/p>\n<h4 style=\"text-align: center;\"><span style=\"color: #000000;\"><strong>MANIFESTACI\u00d3N EN LA ROTONDA CENTRAL DE CIUDAD<\/strong><\/span><\/h4>\n<div style=\"width: 640px;\" class=\"wp-video\"><video class=\"wp-video-shortcode\" id=\"video-111718-1\" width=\"640\" height=\"288\" preload=\"metadata\" controls=\"controls\"><source type=\"video\/mp4\" src=\"http:\/\/vinasfm.com\/noticias\/wp-content\/uploads\/2022\/08\/WhatsApp-Video-2022-08-03-at-10.36.57-AM.mp4?_=1\" \/><a href=\"http:\/\/vinasfm.com\/noticias\/wp-content\/uploads\/2022\/08\/WhatsApp-Video-2022-08-03-at-10.36.57-AM.mp4\">http:\/\/vinasfm.com\/noticias\/wp-content\/uploads\/2022\/08\/WhatsApp-Video-2022-08-03-at-10.36.57-AM.mp4<\/a><\/video><\/div>\n<p style=\"text-align: center;\"><em>NOTA EN DESARROLLO<\/em><\/p>\n","protected":false},"excerpt":{"rendered":"<p>Los trabajadores estatales nucleados en ATE realizan medidas de fuerza en distintos puntos de la provincia en reclamo al que consideran &#8230;<\/p>\n","protected":false},"author":8,"featured_media":111723,"comment_status":"open","ping_status":"open","sticky":false,"template":"","format":"standard","meta":{"footnotes":""},"categories":[5,15],"tags":[],"class_list":["post-111718","post","type-post","status-publish","format-standard","has-post-thumbnail","hentry","category-actualidad","category-salud"],"_links":{"self":[{"href":"https:\/\/vinasfm.com\/noticias\/wp-json\/wp\/v2\/posts\/111718","targetHints":{"allow":["GET"]}}],"collection":[{"href":"https:\/\/vinasfm.com\/noticias\/wp-json\/wp\/v2\/posts"}],"about":[{"href":"https:\/\/vinasfm.com\/noticias\/wp-json\/wp\/v2\/types\/post"}],"author":[{"embeddable":true,"href":"https:\/\/vinasfm.com\/noticias\/wp-json\/wp\/v2\/users\/8"}],"replies":[{"embeddable":true,"href":"https:\/\/vinasfm.com\/noticias\/wp-json\/wp\/v2\/comments?post=111718"}],"version-history":[{"count":13,"href":"https:\/\/vinasfm.com\/noticias\/wp-json\/wp\/v2\/posts\/111718\/revisions"}],"predecessor-version":[{"id":111806,"href":"https:\/\/vinasfm.com\/noticias\/wp-json\/wp\/v2\/posts\/111718\/revisions\/111806"}],"wp:featuredmedia":[{"embeddable":true,"href":"https:\/\/vinasfm.com\/noticias\/wp-json\/wp\/v2\/media\/111723"}],"wp:attachment":[{"href":"https:\/\/vinasfm.com\/noticias\/wp-json\/wp\/v2\/media?parent=111718"}],"wp:term":[{"taxonomy":"category","embeddable":true,"href":"https:\/\/vinasfm.com\/noticias\/wp-json\/wp\/v2\/categories?post=111718"},{"taxonomy":"post_tag","embeddable":true,"href":"https:\/\/vinasfm.com\/noticias\/wp-json\/wp\/v2\/tags?post=111718"}],"curies":[{"name":"wp","href":"https:\/\/api.w.org\/{rel}","templated":true}]}}