{"id":111702,"date":"2022-08-03T23:59:26","date_gmt":"2022-08-04T02:59:26","guid":{"rendered":"http:\/\/vinasfm.com\/noticias\/?p=111702"},"modified":"2022-08-04T09:17:47","modified_gmt":"2022-08-04T12:17:47","slug":"el-confuso-robo-de-un-vehiculo-concluyo-con-una-persona-detenida","status":"publish","type":"post","link":"https:\/\/vinasfm.com\/noticias\/el-confuso-robo-de-un-vehiculo-concluyo-con-una-persona-detenida\/","title":{"rendered":"EL CONFUSO ROBO DE UN VEH\u00cdCULO CONCLUY\u00d3 CON UNA PERSONA DETENIDA"},"content":{"rendered":"<h4><span style=\"color: #000000;\"><strong>Este martes, la polic\u00eda llev\u00f3 adelante una medida de allanamiento en barrio Isla Gorostiague en el marco de una causa caratulada como robo de automotor, delito cometido en horas de la madrugada del pasado lunes.<\/strong><\/span><\/h4>\n<p><span style=\"color: #000000;\">De acuerdo a la informaci\u00f3n suministrada a <strong>F.M. Vi\u00f1as<\/strong>, <strong>quien pose\u00eda el rodado marca VW Gol lo dej\u00f3 estacionado el domingo en la tarde en la segunda cuadra de calle 26 de Julio<\/strong>, debido a una falla mec\u00e1nica, con la idea de regresar al otro d\u00eda a buscarlo para su reparaci\u00f3n.<\/span><\/p>\n<p><span style=\"color: #000000;\"><strong>Al regresar en la ma\u00f1ana del siguiente d\u00eda constat\u00f3 que el veh\u00edculo no estaba por lo que acudi\u00f3 a Comisar\u00eda 14\u00b0 a radicar la denuncia correspondiente<\/strong>, situaci\u00f3n por la que personal de Investigaciones comenz\u00f3 a realizar las medidas para dar con el paradero del mismo.<\/span><\/p>\n<p><span style=\"color: #000000;\">Este martes, con las pruebas suficientes, <strong>la Justicia local autoriz\u00f3 la intervenci\u00f3n de un domicilio en el barrio Isla Gorostiague donde encontraron el Gol debajo de una chapas en el fondo de la propiedad<\/strong>. Ante esto, la Unidad Fiscal autoriz\u00f3 el secuestro del rodado y <strong>la aprehensi\u00f3n del due\u00f1o de la vivienda.<\/strong><\/span><\/p>\n<p><span style=\"color: #000000;\"><strong>Este habr\u00eda asegurado que el autom\u00f3vil le pertenec\u00eda anteriormente y por una serie de confusiones en los tr\u00e1mites de transferencia vehicular y de documentaci\u00f3n habr\u00eda decidido recuperarlo<\/strong>.<\/span><\/p>\n","protected":false},"excerpt":{"rendered":"<p>Este martes, la polic\u00eda llev\u00f3 adelante una medida de allanamiento en barrio Isla Gorostiague en el marco de una causa caratulada &#8230;<\/p>\n","protected":false},"author":8,"featured_media":33503,"comment_status":"open","ping_status":"open","sticky":false,"template":"","format":"standard","meta":{"footnotes":""},"categories":[5,4],"tags":[],"class_list":["post-111702","post","type-post","status-publish","format-standard","has-post-thumbnail","hentry","category-actualidad","category-policiales"],"_links":{"self":[{"href":"https:\/\/vinasfm.com\/noticias\/wp-json\/wp\/v2\/posts\/111702","targetHints":{"allow":["GET"]}}],"collection":[{"href":"https:\/\/vinasfm.com\/noticias\/wp-json\/wp\/v2\/posts"}],"about":[{"href":"https:\/\/vinasfm.com\/noticias\/wp-json\/wp\/v2\/types\/post"}],"author":[{"embeddable":true,"href":"https:\/\/vinasfm.com\/noticias\/wp-json\/wp\/v2\/users\/8"}],"replies":[{"embeddable":true,"href":"https:\/\/vinasfm.com\/noticias\/wp-json\/wp\/v2\/comments?post=111702"}],"version-history":[{"count":2,"href":"https:\/\/vinasfm.com\/noticias\/wp-json\/wp\/v2\/posts\/111702\/revisions"}],"predecessor-version":[{"id":111768,"href":"https:\/\/vinasfm.com\/noticias\/wp-json\/wp\/v2\/posts\/111702\/revisions\/111768"}],"wp:featuredmedia":[{"embeddable":true,"href":"https:\/\/vinasfm.com\/noticias\/wp-json\/wp\/v2\/media\/33503"}],"wp:attachment":[{"href":"https:\/\/vinasfm.com\/noticias\/wp-json\/wp\/v2\/media?parent=111702"}],"wp:term":[{"taxonomy":"category","embeddable":true,"href":"https:\/\/vinasfm.com\/noticias\/wp-json\/wp\/v2\/categories?post=111702"},{"taxonomy":"post_tag","embeddable":true,"href":"https:\/\/vinasfm.com\/noticias\/wp-json\/wp\/v2\/tags?post=111702"}],"curies":[{"name":"wp","href":"https:\/\/api.w.org\/{rel}","templated":true}]}}