{"id":111694,"date":"2022-08-03T23:58:14","date_gmt":"2022-08-04T02:58:14","guid":{"rendered":"http:\/\/vinasfm.com\/noticias\/?p=111694"},"modified":"2022-08-04T09:04:03","modified_gmt":"2022-08-04T12:04:03","slug":"comenzo-la-construccion-de-las-25-viviendas-del-b-el-juncalito-ii","status":"publish","type":"post","link":"https:\/\/vinasfm.com\/noticias\/comenzo-la-construccion-de-las-25-viviendas-del-b-el-juncalito-ii\/","title":{"rendered":"COMENZ\u00d3 LA CONSTRUCCI\u00d3N DE LAS 25 VIVIENDAS DEL B\u00b0 EL JUNCALITO II"},"content":{"rendered":"<h4><span style=\"color: #000000;\"><strong>El barrio est\u00e1 emplazado en Diagonal Jorge Sim\u00f3n y Roque S\u00e1enz Pe\u00f1a, y significa una inversi\u00f3n de 131 millones de pesos en una obra que tiene un plazo de 10 meses de ejecuci\u00f3n y cumplir\u00e1 el sue\u00f1o de 25 familias de nuestro departamento.<\/strong><\/span><\/h4>\n<p><span style=\"color: #000000;\">\u201c<strong><em>Con un gran esfuerzo de la Provincia estamos concretando 25 sue\u00f1os<\/em><\/strong>\u201d, subray\u00f3 el Director de Viviendas Fabi\u00e1n Gim\u00e9nez, y explic\u00f3 que la obra requiere de una inversi\u00f3n de 131 millones de pesos y un plazo de ejecuci\u00f3n de 10 meses.<\/span><\/p>\n<p><span style=\"color: #000000;\">El <strong>Juncalito II<\/strong> se est\u00e1 construyendo mediante sistemas industrializados del IPV, New Panel, al igual que en Barrio Don Valent\u00edn, que est\u00e1 pr\u00f3ximo a entregarse, mediante la tipolog\u00eda Prototipo Solar. Este modelo establece que las casas tienen que estar orientadas hacia el Norte, para aprovechar la luz del sol y hacerlas m\u00e1s eficientes energ\u00e9ticamente. Las 25 viviendas tendr\u00e1n las dimensiones cl\u00e1sicas de 63m2 y de 70m2 para las personas con discapacidad.<\/span><\/p>\n<p><span style=\"color: #000000;\">\u201c<strong><em>Actualmente, se est\u00e1n ejecutando las obras de urbanizaci\u00f3n, por parte de entidad AMSA, que aport\u00f3 el terreno, con ayuda del municipio. Tambi\u00e9n el terraplenado, donde van a ser emplazadas las viviendas<\/em><\/strong>\u201d, dijo Gim\u00e9nez<\/span><\/p>\n<p><span style=\"color: #000000;\">\u201c<strong><em>En este momento, se est\u00e1n construyendo cuatro barrios, cuatro se van a ejecutar, uno se est\u00e1 por entregar, dos est\u00e1n por comenzar, dos proyectos grandes, que en conjunto suman 150 viviendas, el Barrio Alvear I y el Bowen I, que en unos meses van a comenzar con una inversi\u00f3n provincial de m\u00e1s de dos mil millones de pesos<\/em><\/strong>\u201d, concluy\u00f3 Fabi\u00e1n Gim\u00e9nez.<\/span><\/p>\n","protected":false},"excerpt":{"rendered":"<p>El barrio est\u00e1 emplazado en Diagonal Jorge Sim\u00f3n y Roque S\u00e1enz Pe\u00f1a, y significa una inversi\u00f3n de 131 millones de pesos &#8230;<\/p>\n","protected":false},"author":8,"featured_media":111695,"comment_status":"open","ping_status":"open","sticky":false,"template":"","format":"standard","meta":{"footnotes":""},"categories":[5,10],"tags":[],"class_list":["post-111694","post","type-post","status-publish","format-standard","has-post-thumbnail","hentry","category-actualidad","category-destacadas"],"_links":{"self":[{"href":"https:\/\/vinasfm.com\/noticias\/wp-json\/wp\/v2\/posts\/111694","targetHints":{"allow":["GET"]}}],"collection":[{"href":"https:\/\/vinasfm.com\/noticias\/wp-json\/wp\/v2\/posts"}],"about":[{"href":"https:\/\/vinasfm.com\/noticias\/wp-json\/wp\/v2\/types\/post"}],"author":[{"embeddable":true,"href":"https:\/\/vinasfm.com\/noticias\/wp-json\/wp\/v2\/users\/8"}],"replies":[{"embeddable":true,"href":"https:\/\/vinasfm.com\/noticias\/wp-json\/wp\/v2\/comments?post=111694"}],"version-history":[{"count":2,"href":"https:\/\/vinasfm.com\/noticias\/wp-json\/wp\/v2\/posts\/111694\/revisions"}],"predecessor-version":[{"id":111759,"href":"https:\/\/vinasfm.com\/noticias\/wp-json\/wp\/v2\/posts\/111694\/revisions\/111759"}],"wp:featuredmedia":[{"embeddable":true,"href":"https:\/\/vinasfm.com\/noticias\/wp-json\/wp\/v2\/media\/111695"}],"wp:attachment":[{"href":"https:\/\/vinasfm.com\/noticias\/wp-json\/wp\/v2\/media?parent=111694"}],"wp:term":[{"taxonomy":"category","embeddable":true,"href":"https:\/\/vinasfm.com\/noticias\/wp-json\/wp\/v2\/categories?post=111694"},{"taxonomy":"post_tag","embeddable":true,"href":"https:\/\/vinasfm.com\/noticias\/wp-json\/wp\/v2\/tags?post=111694"}],"curies":[{"name":"wp","href":"https:\/\/api.w.org\/{rel}","templated":true}]}}