{"id":111688,"date":"2022-08-04T23:55:59","date_gmt":"2022-08-05T02:55:59","guid":{"rendered":"http:\/\/vinasfm.com\/noticias\/?p=111688"},"modified":"2022-08-05T09:59:38","modified_gmt":"2022-08-05T12:59:38","slug":"avanza-el-proyecto-de-crear-una-oficina-para-las-mujeres-que-sufren-violencia-de-genero","status":"publish","type":"post","link":"https:\/\/vinasfm.com\/noticias\/avanza-el-proyecto-de-crear-una-oficina-para-las-mujeres-que-sufren-violencia-de-genero\/","title":{"rendered":"AVANZA EL PROYECTO DE CREAR UNA OFICINA PARA LAS MUJERES QUE SUFREN VIOLENCIA DE G\u00c9NERO"},"content":{"rendered":"<h4><strong><span style=\"color: #000000;\">En la pr\u00f3xima sesi\u00f3n del HCD se tratar\u00e1 un proyecto presentado por la edil Hebe Katzer (PJ) que, ya ha sido analizado en comisiones y, consiste en la creaci\u00f3n de una oficina dentro de la Seccional 14\u00b0 para las mujeres que sufren violencia de g\u00e9nero dando respuesta a la falta de una comisar\u00eda de la mujer en el sur mendocino, como establece una ley aprobada hace a\u00f1os.<\/span><\/strong><\/h4>\n<p><span style=\"color: #000000;\">El pedido de una comisar\u00eda de la mujer en nuestro departamento lleva a\u00f1os, se estableci\u00f3 en el <strong>a\u00f1o 2015<\/strong> cuando la Legislatura le dio sanci\u00f3n al proyecto final de ley por la que se crea en la<strong> Segunda Circunscripci\u00f3n Judicial para el Sur Mendocino<\/strong> al menos una comisar\u00eda de la mujer con finalidad de atender a problem\u00e1ticas de violencia de g\u00e9nero. Hasta el <strong>d\u00eda 31 de julio se hab\u00edan registrado en el pa\u00eds 147 femicidios<\/strong> y en la provincia de <strong>Mendoza se encuentra entre las primeras 5 provincias<\/strong> con m\u00e1s femicidios en lo que va del a\u00f1o 2022.<\/span><\/p>\n<p><span style=\"color: #000000;\">Pasados los 7 a\u00f1os del pedido de una comisar\u00eda de la mujer, se le dar\u00e1 tratamiento al pedido de la creaci\u00f3n de una oficina para poder brindar el acompa\u00f1amiento, asesoramiento y tratamiento a los diferentes casos de violencia de g\u00e9nero que se presentan en el departamento. <em><strong>&#8216;Esperamos que pueda ser aprobado para su posterior fusi\u00f3n con la convicci\u00f3n de que realmente es muy importante&#8217;<\/strong><\/em>, enfatiz\u00f3, <strong>Hebe Katzer<\/strong> en di\u00e1logo con <strong>F.M. VI\u00d1AS.<\/strong><\/span><\/p>\n<p><span style=\"color: #000000;\"><em><strong>&#8216;No se va a poder gestionar una comisar\u00eda pedido de hace a\u00f1os y se pide una oficina donde la mujer pueda estar resguardado, contenida y sabemos que est\u00e1s denuncias llevan un equipo&#8217;<\/strong><\/em>, agreg\u00f3 la edil. La violencia de g\u00e9nero abarca diferentes \u00e1mbitos y cuando se hacen presenten no tienen el acompa\u00f1amiento ante esta situaci\u00f3n, las mujeres ante estos actos de violencia se encuentran emocionalmente vulneradas.<\/span><\/p>\n<p><span style=\"color: #000000;\"><em><strong>&#8216;Llevamos muchos a\u00f1os de espera y no se concreta, entonces con los recursos que tenemos hay que darle una soluci\u00f3n&#8217;<\/strong><\/em>, remarc\u00f3 Hebe Katzer. Se contin\u00faa trabajando en la prevenci\u00f3n y capacitaci\u00f3n del personal policial para enfrentar el acompa\u00f1amiento.\u00a0<\/span><\/p>\n<blockquote>\n<h4 style=\"text-align: center;\"><span style=\"color: #000000;\"><strong>SI SUFRIS VIOLENCIA DE G\u00c9NERO COMUNICATE AL 144, 145 O 2625431552.<\/strong><\/span><\/h4>\n<\/blockquote>\n<p><span style=\"color: #000000;\">\u2022C.F.<\/span><\/p>\n","protected":false},"excerpt":{"rendered":"<p>En la pr\u00f3xima sesi\u00f3n del HCD se tratar\u00e1 un proyecto presentado por la edil Hebe Katzer (PJ) que, ya ha sido &#8230;<\/p>\n","protected":false},"author":7,"featured_media":111777,"comment_status":"open","ping_status":"open","sticky":false,"template":"","format":"standard","meta":{"footnotes":""},"categories":[5,10],"tags":[],"class_list":["post-111688","post","type-post","status-publish","format-standard","has-post-thumbnail","hentry","category-actualidad","category-destacadas"],"_links":{"self":[{"href":"https:\/\/vinasfm.com\/noticias\/wp-json\/wp\/v2\/posts\/111688","targetHints":{"allow":["GET"]}}],"collection":[{"href":"https:\/\/vinasfm.com\/noticias\/wp-json\/wp\/v2\/posts"}],"about":[{"href":"https:\/\/vinasfm.com\/noticias\/wp-json\/wp\/v2\/types\/post"}],"author":[{"embeddable":true,"href":"https:\/\/vinasfm.com\/noticias\/wp-json\/wp\/v2\/users\/7"}],"replies":[{"embeddable":true,"href":"https:\/\/vinasfm.com\/noticias\/wp-json\/wp\/v2\/comments?post=111688"}],"version-history":[{"count":9,"href":"https:\/\/vinasfm.com\/noticias\/wp-json\/wp\/v2\/posts\/111688\/revisions"}],"predecessor-version":[{"id":111839,"href":"https:\/\/vinasfm.com\/noticias\/wp-json\/wp\/v2\/posts\/111688\/revisions\/111839"}],"wp:featuredmedia":[{"embeddable":true,"href":"https:\/\/vinasfm.com\/noticias\/wp-json\/wp\/v2\/media\/111777"}],"wp:attachment":[{"href":"https:\/\/vinasfm.com\/noticias\/wp-json\/wp\/v2\/media?parent=111688"}],"wp:term":[{"taxonomy":"category","embeddable":true,"href":"https:\/\/vinasfm.com\/noticias\/wp-json\/wp\/v2\/categories?post=111688"},{"taxonomy":"post_tag","embeddable":true,"href":"https:\/\/vinasfm.com\/noticias\/wp-json\/wp\/v2\/tags?post=111688"}],"curies":[{"name":"wp","href":"https:\/\/api.w.org\/{rel}","templated":true}]}}