{"id":111686,"date":"2022-08-03T10:00:14","date_gmt":"2022-08-03T13:00:14","guid":{"rendered":"http:\/\/vinasfm.com\/noticias\/?p=111686"},"modified":"2022-08-03T10:37:46","modified_gmt":"2022-08-03T13:37:46","slug":"hubo-gran-presencia-de-turistas-en-alvear-durante-las-vacaciones-de-invierno","status":"publish","type":"post","link":"https:\/\/vinasfm.com\/noticias\/hubo-gran-presencia-de-turistas-en-alvear-durante-las-vacaciones-de-invierno\/","title":{"rendered":"HUBO GRAN PRESENCIA DE TURISTAS EN ALVEAR DURANTE LAS VACACIONES DE INVIERNO"},"content":{"rendered":"<h4><span style=\"color: #000000;\"><strong>La Directora de Turismo Fabiana Gonz\u00e1lez, hizo un balance de las vacaciones de invierno en el Departamento. Los operativos en los ingresos fueron un \u00e9xito.<\/strong><\/span><\/h4>\n<p><span style=\"color: #000000;\">\u201c<strong><em>Estas vacaciones que comenzaron el 9 de julio, durante la primera semana no hubo el movimiento esperado en Alvear. Por suerte la nieve lleg\u00f3 y mejor\u00f3 la ocupaci\u00f3n terminando julio<\/em><\/strong>\u201d dijo la funcionaria, quien destac\u00f3 los operativos realizados en Cochic\u00f3 y en Canalejas.<\/span><\/p>\n<p><span style=\"color: #000000;\">En este sentido, la funcionaria resalt\u00f3: \u201c<strong><em>En este \u00faltimo sitio se realizaron operativos a diario, lo que hizo que mucha gente se quede en Alvear, quienes manifestaron que tenemos calidad de alojamientos con mucho mejor precio. Igualmente, los restaurantes, la gastronom\u00eda c\u00e9ntrica y el Cine Teatro Lafalla se han visto favorecidos con turistas, que compran en General Alvear porque es competitivo, no solo en alojamiento, sino tambi\u00e9n en indumentaria, alquiler de equipos de esqu\u00ed. Por lo que, el valor agregado que deja el turista en vacaciones invernales es muy importante<\/em><\/strong>\u201d.<\/span><\/p>\n<p><span style=\"color: #000000;\">Quedan desaf\u00edos para trabajar con el sector privado, para pensar en la nueva temporada, destac\u00f3 Gonz\u00e1lez, quien, adem\u00e1s, agradeci\u00f3 a los comerciantes y a la gente: \u201c<strong><em>Porque hicimos m\u00e1s de mil encuestas, por primera vez se hizo este operativo en los alojamientos, en el informador tur\u00edstico, en bodegas y este resultado ha sido muy positivo como destino. Hemos generado una base de datos importante para el crecimiento de Alvear. All\u00ed sobresale la amabilidad, cordialidad, los buenos precios, la buena comida y el buen trato\u201d<\/em><\/strong>.<\/span><\/p>\n","protected":false},"excerpt":{"rendered":"<p>La Directora de Turismo Fabiana Gonz\u00e1lez, hizo un balance de las vacaciones de invierno en el Departamento. Los operativos en los &#8230;<\/p>\n","protected":false},"author":8,"featured_media":111689,"comment_status":"open","ping_status":"open","sticky":false,"template":"","format":"standard","meta":{"footnotes":""},"categories":[5,21],"tags":[],"class_list":["post-111686","post","type-post","status-publish","format-standard","has-post-thumbnail","hentry","category-actualidad","category-turismo-2"],"_links":{"self":[{"href":"https:\/\/vinasfm.com\/noticias\/wp-json\/wp\/v2\/posts\/111686","targetHints":{"allow":["GET"]}}],"collection":[{"href":"https:\/\/vinasfm.com\/noticias\/wp-json\/wp\/v2\/posts"}],"about":[{"href":"https:\/\/vinasfm.com\/noticias\/wp-json\/wp\/v2\/types\/post"}],"author":[{"embeddable":true,"href":"https:\/\/vinasfm.com\/noticias\/wp-json\/wp\/v2\/users\/8"}],"replies":[{"embeddable":true,"href":"https:\/\/vinasfm.com\/noticias\/wp-json\/wp\/v2\/comments?post=111686"}],"version-history":[{"count":2,"href":"https:\/\/vinasfm.com\/noticias\/wp-json\/wp\/v2\/posts\/111686\/revisions"}],"predecessor-version":[{"id":111691,"href":"https:\/\/vinasfm.com\/noticias\/wp-json\/wp\/v2\/posts\/111686\/revisions\/111691"}],"wp:featuredmedia":[{"embeddable":true,"href":"https:\/\/vinasfm.com\/noticias\/wp-json\/wp\/v2\/media\/111689"}],"wp:attachment":[{"href":"https:\/\/vinasfm.com\/noticias\/wp-json\/wp\/v2\/media?parent=111686"}],"wp:term":[{"taxonomy":"category","embeddable":true,"href":"https:\/\/vinasfm.com\/noticias\/wp-json\/wp\/v2\/categories?post=111686"},{"taxonomy":"post_tag","embeddable":true,"href":"https:\/\/vinasfm.com\/noticias\/wp-json\/wp\/v2\/tags?post=111686"}],"curies":[{"name":"wp","href":"https:\/\/api.w.org\/{rel}","templated":true}]}}