{"id":111685,"date":"2022-08-03T23:59:15","date_gmt":"2022-08-04T02:59:15","guid":{"rendered":"http:\/\/vinasfm.com\/noticias\/?p=111685"},"modified":"2022-08-05T08:52:27","modified_gmt":"2022-08-05T11:52:27","slug":"se-postergo-una-semana-el-inicio-del-torneo-2022-2023-de-la-liga-alvearense-de-futbol","status":"publish","type":"post","link":"https:\/\/vinasfm.com\/noticias\/se-postergo-una-semana-el-inicio-del-torneo-2022-2023-de-la-liga-alvearense-de-futbol\/","title":{"rendered":"SE POSTERG\u00d3 UNA SEMANA EL INICIO DEL TORNEO 2022\/2023 DE LA LIGA ALVEARENSE DE F\u00daTBOL"},"content":{"rendered":"<h4><span style=\"color: #000000;\"><strong class=\"selectable-text copyable-text nbipi2bn\">El Consejo Directivo de la Liga Alvearense de F\u00fatbol defini\u00f3 el comienzo del Torneo 2023\/2023 para el 13 y 14 de agosto debido a que cuatro de los equipos locales participar\u00e1n de la Copa Mendoza este fin de semana.<\/strong><\/span><\/h4>\n<p><span style=\"color: #000000;\">Anteriormente se hab\u00eda establecido que el f\u00fatbol local comenzar\u00eda el 7 de agosto del corriente a\u00f1o pero este martes por la noche el Consejo Directivo tom\u00f3 la decisi\u00f3n de aplazar el inicio del torneo 22\/23. El presidente de la Liga <strong>Julio Lugea<\/strong> explic\u00f3 en di\u00e1logo con<strong> F.M. VI\u00d1AS<\/strong>: <em><strong>&#8216;Se decidi\u00f3 postergar una semana m\u00e1s el torneo apertura 2022\/2023 por todo lo que conocemos hay cuatro equipos que viajan a la Copa Mendoza este domingo.<\/strong> <strong>El torneo comenzar\u00e1 el 13 y 14 de agost<\/strong>o<\/em>&#8216;.<\/span><\/p>\n<p><span style=\"color: #000000;\">Por otro lado se confirm\u00f3 el nombre que llevara dicho torneo: <strong>\u00ab<em>Vi la propuesta de un ex dirigente de Real Del Padre y se termino de plasmar esto donde todos los clubes estuvieron de acuerdo en nombrar al nuevo torneo como Gringo Rodr\u00edguez<\/em>\u00ab.\u00a0 <\/strong><\/span><\/p>\n<p><span style=\"color: #000000;\">Respecto a la <strong>Copa Mendoza<\/strong> los cuatro equipos que participar\u00e1n son <strong>Sport Club Pac\u00edfico, Andes F\u00fatbol Club, Ferrocarril Oeste<\/strong> y el <strong>Club Atl\u00e9tico Col\u00f3n<\/strong>. Adem\u00e1s, <strong>la organizaci\u00f3n de la Copa Mendoza invit\u00f3 a dos equipos alvearenses de la rama femenina<\/strong>, que tienen tiempo hasta el martes que viene para definir los elencos que viajaran a jugar.<\/span><\/p>\n<h6><span style=\"color: #000000;\"><strong>Ludmila Lucero.<\/strong><\/span><\/h6>\n","protected":false},"excerpt":{"rendered":"<p>El Consejo Directivo de la Liga Alvearense de F\u00fatbol defini\u00f3 el comienzo del Torneo 2023\/2023 para el 13 y 14 de &#8230;<\/p>\n","protected":false},"author":7,"featured_media":84474,"comment_status":"open","ping_status":"open","sticky":false,"template":"","format":"standard","meta":{"footnotes":""},"categories":[5,3],"tags":[],"class_list":["post-111685","post","type-post","status-publish","format-standard","has-post-thumbnail","hentry","category-actualidad","category-deportes"],"_links":{"self":[{"href":"https:\/\/vinasfm.com\/noticias\/wp-json\/wp\/v2\/posts\/111685","targetHints":{"allow":["GET"]}}],"collection":[{"href":"https:\/\/vinasfm.com\/noticias\/wp-json\/wp\/v2\/posts"}],"about":[{"href":"https:\/\/vinasfm.com\/noticias\/wp-json\/wp\/v2\/types\/post"}],"author":[{"embeddable":true,"href":"https:\/\/vinasfm.com\/noticias\/wp-json\/wp\/v2\/users\/7"}],"replies":[{"embeddable":true,"href":"https:\/\/vinasfm.com\/noticias\/wp-json\/wp\/v2\/comments?post=111685"}],"version-history":[{"count":5,"href":"https:\/\/vinasfm.com\/noticias\/wp-json\/wp\/v2\/posts\/111685\/revisions"}],"predecessor-version":[{"id":111704,"href":"https:\/\/vinasfm.com\/noticias\/wp-json\/wp\/v2\/posts\/111685\/revisions\/111704"}],"wp:featuredmedia":[{"embeddable":true,"href":"https:\/\/vinasfm.com\/noticias\/wp-json\/wp\/v2\/media\/84474"}],"wp:attachment":[{"href":"https:\/\/vinasfm.com\/noticias\/wp-json\/wp\/v2\/media?parent=111685"}],"wp:term":[{"taxonomy":"category","embeddable":true,"href":"https:\/\/vinasfm.com\/noticias\/wp-json\/wp\/v2\/categories?post=111685"},{"taxonomy":"post_tag","embeddable":true,"href":"https:\/\/vinasfm.com\/noticias\/wp-json\/wp\/v2\/tags?post=111685"}],"curies":[{"name":"wp","href":"https:\/\/api.w.org\/{rel}","templated":true}]}}