{"id":111670,"date":"2022-08-03T22:01:30","date_gmt":"2022-08-04T01:01:30","guid":{"rendered":"http:\/\/vinasfm.com\/noticias\/?p=111670"},"modified":"2022-08-04T09:11:38","modified_gmt":"2022-08-04T12:11:38","slug":"hoy-se-presenta-el-programa-familia-temporaria-en-el-hcd","status":"publish","type":"post","link":"https:\/\/vinasfm.com\/noticias\/hoy-se-presenta-el-programa-familia-temporaria-en-el-hcd\/","title":{"rendered":"EN QU\u00c9 CONSISTE EL PROGRAMA &#8216;FAMILIA TEMPORARIA&#8217;"},"content":{"rendered":"<h4><span style=\"color: #000000;\"><strong>Este mi\u00e9rcoles en el sal\u00f3n del HCD se realizar\u00e1 la presentaci\u00f3n del programa denominado Familia Temporaria. Este programa articula la acci\u00f3n de familias que acogen temporalmente en su hogar a ni\u00f1os\/as, desde reci\u00e9n nacidos hasta los 10 a\u00f1os, mientras tanto se resuelva su situaci\u00f3n legal.<\/strong> <strong>Lo hace a trav\u00e9s de un equipo interdisciplinario conformado por Psic\u00f3logas, Trabajadores sociales y Abogadas.<\/strong><\/span><\/h4>\n<p><span style=\"color: #000000;\"><strong>Pablo Reyes<\/strong> (Coordinador de Cuidados Alternativos) explic\u00f3 en di\u00e1logo con <strong>F.M VI\u00d1AS<\/strong> los requisitos que se deben cumplir: <strong>\u00ab<em>Nosotros siempre nos fijamos en el cumplimiento de todos los derechos del ni\u00f1o ya sean m\u00e9dicos, educaci\u00f3n siempre pensando en el bienestar de los chicos, por eso hablamos desde la voluntad y fe de la gente que quiera involucrarse en este tipo de programas<\/em>\u00ab<\/strong>.<\/span><\/p>\n<p><span style=\"color: #000000;\"><strong>AVOME<\/strong> desde el a\u00f1o 2016 tiene convenio con el Gobierno de Mendoza (Subsecretar\u00eda de Desarrollo Social, Direcci\u00f3n General de Protecci\u00f3n) y est\u00e1 a cargo de la selecci\u00f3n, formaci\u00f3n y seguimiento de las Familias Temporarias en el Gran Mendoza, zona Este, Zona Valle de Uco y actualmente tambi\u00e9n en Zona Sur ( SAN RAFAEL- MALARG\u00dcE Y <strong>ALVEAR<\/strong>).<\/span><\/p>\n<p><span style=\"color: #000000;\">Respecto al tiempo que se estableci\u00f3 Reyes detall\u00f3: <strong>\u00ab<em>La ley establece que son posibles 3 meses, lo que se busca es que no pase de ese tiempo, el seguimiento que se realiza para ver si el ni\u00f1o esta en condiciones con su familia temporaria se hace atreves de AVOME que esta monitoreado por nuestro equip<\/em>o\u00bb. <\/strong>Con notoria raz\u00f3n este proyecto se realiza debido a que muchos ni\u00f1os\/adolescentes necesitan de la ayuda de familias que est\u00e9n dispuestas.<\/span><\/p>\n<h6><span style=\"color: #000000;\"><strong>Ludmila Lucero.<\/strong><\/span><\/h6>\n","protected":false},"excerpt":{"rendered":"<p>Este mi\u00e9rcoles en el sal\u00f3n del HCD se realizar\u00e1 la presentaci\u00f3n del programa denominado Familia Temporaria. Este programa articula la acci\u00f3n &#8230;<\/p>\n","protected":false},"author":7,"featured_media":85573,"comment_status":"open","ping_status":"open","sticky":false,"template":"","format":"standard","meta":{"footnotes":""},"categories":[5,10],"tags":[],"class_list":["post-111670","post","type-post","status-publish","format-standard","has-post-thumbnail","hentry","category-actualidad","category-destacadas"],"_links":{"self":[{"href":"https:\/\/vinasfm.com\/noticias\/wp-json\/wp\/v2\/posts\/111670","targetHints":{"allow":["GET"]}}],"collection":[{"href":"https:\/\/vinasfm.com\/noticias\/wp-json\/wp\/v2\/posts"}],"about":[{"href":"https:\/\/vinasfm.com\/noticias\/wp-json\/wp\/v2\/types\/post"}],"author":[{"embeddable":true,"href":"https:\/\/vinasfm.com\/noticias\/wp-json\/wp\/v2\/users\/7"}],"replies":[{"embeddable":true,"href":"https:\/\/vinasfm.com\/noticias\/wp-json\/wp\/v2\/comments?post=111670"}],"version-history":[{"count":8,"href":"https:\/\/vinasfm.com\/noticias\/wp-json\/wp\/v2\/posts\/111670\/revisions"}],"predecessor-version":[{"id":111763,"href":"https:\/\/vinasfm.com\/noticias\/wp-json\/wp\/v2\/posts\/111670\/revisions\/111763"}],"wp:featuredmedia":[{"embeddable":true,"href":"https:\/\/vinasfm.com\/noticias\/wp-json\/wp\/v2\/media\/85573"}],"wp:attachment":[{"href":"https:\/\/vinasfm.com\/noticias\/wp-json\/wp\/v2\/media?parent=111670"}],"wp:term":[{"taxonomy":"category","embeddable":true,"href":"https:\/\/vinasfm.com\/noticias\/wp-json\/wp\/v2\/categories?post=111670"},{"taxonomy":"post_tag","embeddable":true,"href":"https:\/\/vinasfm.com\/noticias\/wp-json\/wp\/v2\/tags?post=111670"}],"curies":[{"name":"wp","href":"https:\/\/api.w.org\/{rel}","templated":true}]}}