{"id":111656,"date":"2022-08-02T12:08:33","date_gmt":"2022-08-02T15:08:33","guid":{"rendered":"http:\/\/vinasfm.com\/noticias\/?p=111656"},"modified":"2022-08-03T09:57:19","modified_gmt":"2022-08-03T12:57:19","slug":"detuvieron-a-una-pareja-que-asalto-a-mano-a-armada-a-un-taxista-en-b-zangrandi","status":"publish","type":"post","link":"https:\/\/vinasfm.com\/noticias\/detuvieron-a-una-pareja-que-asalto-a-mano-a-armada-a-un-taxista-en-b-zangrandi\/","title":{"rendered":"DETUVIERON A UNA PAREJA QUE ASALT\u00d3 A MANO A ARMADA A UN TAXISTA EN B\u00b0 ZANGRANDI"},"content":{"rendered":"<h4><span style=\"color: #000000;\"><strong>Este domingo, personal policial aprehendi\u00f3 a dos de los tres sujetos que asaltaron violentamente a un taxista el pasado domingo en horas de la madrugada en inmediaciones del Barrio Zangrandi.<\/strong><\/span><\/h4>\n<p><span style=\"color: #000000;\">Dos hombres y una mujer <strong>solicitaron el servicio del taxi en Bowen y le indicaron al conductor que los trasladara hasta Ciudad<\/strong> pero en el camino<strong> le pidieron que cambiara el rumbo y los dejara en el barrio Zangrandi.<\/strong><\/span><\/p>\n<p><span style=\"color: #000000;\">En inmediaciones de dicha zona<strong> le colocaron un cuchillo en la garganta exigi\u00e9ndole que les entregara el dinero<\/strong> y a posterior le intentaron asestar una pu\u00f1alada que atraves\u00f3 el asiento pero no logr\u00f3 herirlo, acto seguido y en un segundo intento lo hirieron en el hombro.<\/span><\/p>\n<p><span style=\"color: #000000;\">Los delincuentes <strong>se bajaron de la unidad y se dieron a la fuga<\/strong> raudamente mientras que <strong>el chofer del veh\u00edculo se dirigi\u00f3 a la guardia del hospital Enfermeros Argentinos<\/strong>, donde recibi\u00f3 la asistencia por la lesi\u00f3n que revest\u00eda.\u00a0<\/span><\/p>\n<p><span style=\"color: #000000;\">Localizando la ubicaci\u00f3n del tel\u00e9fono celular desde donde los malvivientes hab\u00edan llamado al taxi, <strong>personal de Investigaciones logr\u00f3 individualizarlos<\/strong> y, con esta prueba, <strong>la Justicia orden\u00f3 dos allanamientos para aprehender a los responsables del asalto.<\/strong><\/span><\/p>\n<p><span style=\"color: #000000;\"><strong>Ambas intervenciones arrojaron resultado positivo ya que se logr\u00f3 el secuestro del tel\u00e9fono celular y detener a uno de los hombres y a la mujer <\/strong>(el tercero contin\u00faa pr\u00f3fugo), quienes fueron trasladados a Comisar\u00eda 14\u00b0 donde se labraron actuaciones en &#8216;<strong><em>Averiguaci\u00f3n Robo Agravado<\/em><\/strong>&#8216;.<\/span><\/p>\n","protected":false},"excerpt":{"rendered":"<p>Este domingo, personal policial aprehendi\u00f3 a dos de los tres sujetos que asaltaron violentamente a un taxista el pasado domingo en &#8230;<\/p>\n","protected":false},"author":8,"featured_media":14504,"comment_status":"open","ping_status":"open","sticky":false,"template":"","format":"standard","meta":{"footnotes":""},"categories":[5,4],"tags":[],"class_list":["post-111656","post","type-post","status-publish","format-standard","has-post-thumbnail","hentry","category-actualidad","category-policiales"],"_links":{"self":[{"href":"https:\/\/vinasfm.com\/noticias\/wp-json\/wp\/v2\/posts\/111656","targetHints":{"allow":["GET"]}}],"collection":[{"href":"https:\/\/vinasfm.com\/noticias\/wp-json\/wp\/v2\/posts"}],"about":[{"href":"https:\/\/vinasfm.com\/noticias\/wp-json\/wp\/v2\/types\/post"}],"author":[{"embeddable":true,"href":"https:\/\/vinasfm.com\/noticias\/wp-json\/wp\/v2\/users\/8"}],"replies":[{"embeddable":true,"href":"https:\/\/vinasfm.com\/noticias\/wp-json\/wp\/v2\/comments?post=111656"}],"version-history":[{"count":2,"href":"https:\/\/vinasfm.com\/noticias\/wp-json\/wp\/v2\/posts\/111656\/revisions"}],"predecessor-version":[{"id":111661,"href":"https:\/\/vinasfm.com\/noticias\/wp-json\/wp\/v2\/posts\/111656\/revisions\/111661"}],"wp:featuredmedia":[{"embeddable":true,"href":"https:\/\/vinasfm.com\/noticias\/wp-json\/wp\/v2\/media\/14504"}],"wp:attachment":[{"href":"https:\/\/vinasfm.com\/noticias\/wp-json\/wp\/v2\/media?parent=111656"}],"wp:term":[{"taxonomy":"category","embeddable":true,"href":"https:\/\/vinasfm.com\/noticias\/wp-json\/wp\/v2\/categories?post=111656"},{"taxonomy":"post_tag","embeddable":true,"href":"https:\/\/vinasfm.com\/noticias\/wp-json\/wp\/v2\/tags?post=111656"}],"curies":[{"name":"wp","href":"https:\/\/api.w.org\/{rel}","templated":true}]}}