{"id":111649,"date":"2022-08-02T23:52:05","date_gmt":"2022-08-03T02:52:05","guid":{"rendered":"http:\/\/vinasfm.com\/noticias\/?p=111649"},"modified":"2022-08-03T09:12:23","modified_gmt":"2022-08-03T12:12:23","slug":"la-remodelacion-del-museo-salvador-calafat-alcanzo-el-30-de-obra","status":"publish","type":"post","link":"https:\/\/vinasfm.com\/noticias\/la-remodelacion-del-museo-salvador-calafat-alcanzo-el-30-de-obra\/","title":{"rendered":"LA REMODELACI\u00d3N DEL MUSEO &#8216;SALVADOR CALAFAT&#8217; ALCANZ\u00d3 EL 30% DE OBRA"},"content":{"rendered":"<h4><span style=\"color: #000000;\"><strong>La obra de remodelaci\u00f3n del Museo Salvador Calafat, que contempla arreglos en los pisos, techos, paredes y m\u00e1s, ya cuenta con m\u00e1s del 30% de avance. Tambi\u00e9n se refaccionar\u00e1 la vereda y la fachada del edificio.<\/strong><\/span><\/h4>\n<p><span style=\"color: #000000;\">El Secretario de Obras y Servicios P\u00fablicos Jorge P\u00e9rez se refiri\u00f3 a las obras de remodelaci\u00f3n del Museo Salvador Calafat: \u201c<strong><em>Estamos con un avance de obra que supera el 32%, la empresa est\u00e1 trabajando dentro de los plazos previstos y con la remoci\u00f3n de ca\u00f1er\u00edas adem\u00e1s de otras tareas, siempre cumpliendo el cronograma<\/em><\/strong>\u201d. <\/span><\/p>\n<div id=\"attachment_111653\" style=\"width: 300px\" class=\"wp-caption alignleft\"><a href=\"http:\/\/vinasfm.com\/noticias\/wp-content\/uploads\/2022\/08\/FOTOS-Avances-de-la-obra-de-remodelacion-del-Museo-Salvador-CalafatIMG_6375.jpg\"><img loading=\"lazy\" decoding=\"async\" aria-describedby=\"caption-attachment-111653\" class=\"size-medium wp-image-111653\" src=\"http:\/\/vinasfm.com\/noticias\/wp-content\/uploads\/2022\/08\/FOTOS-Avances-de-la-obra-de-remodelacion-del-Museo-Salvador-CalafatIMG_6375-300x167.jpg\" alt=\"\" width=\"300\" height=\"167\" srcset=\"https:\/\/vinasfm.com\/noticias\/wp-content\/uploads\/2022\/08\/FOTOS-Avances-de-la-obra-de-remodelacion-del-Museo-Salvador-CalafatIMG_6375-300x167.jpg 300w, https:\/\/vinasfm.com\/noticias\/wp-content\/uploads\/2022\/08\/FOTOS-Avances-de-la-obra-de-remodelacion-del-Museo-Salvador-CalafatIMG_6375-360x200.jpg 360w, https:\/\/vinasfm.com\/noticias\/wp-content\/uploads\/2022\/08\/FOTOS-Avances-de-la-obra-de-remodelacion-del-Museo-Salvador-CalafatIMG_6375.jpg 720w\" sizes=\"auto, (max-width: 300px) 100vw, 300px\" \/><\/a><p id=\"caption-attachment-111653\" class=\"wp-caption-text\">Museo Salvador Calafat.<\/p><\/div>\n<p><span style=\"color: #000000;\">Actualmente se est\u00e1 trabajando en los dos pisos del edificio, tambi\u00e9n se est\u00e1 trabajando en el techo y las paredes, adem\u00e1s de la remoci\u00f3n de ca\u00f1er\u00edas que se encuentran en mal estado.<\/span><\/p>\n<p><span style=\"color: #000000;\">El plazo de obra es de 180 d\u00edas, aunque est\u00e1 sujeto a una ampliaci\u00f3n en los plazos. El Director de Obras Ignacio Castro, tambi\u00e9n se refiri\u00f3 a las tareas que se est\u00e1n llevando a cabo: \u201c<strong><em>La obra consta de la remodelaci\u00f3n de la sala de exposici\u00f3n, unos 100 mts2, en la parte trasera est\u00e1 ubicada la sala multimedia, en la planta alta una oficina para administrativos y la sala de archivo que tiene que cumplir ciertas condiciones como evitar la luz solar, evitar la humedad y otros detalles<\/em><\/strong>\u201d explic\u00f3, a la vez que agreg\u00f3 que se est\u00e1 trabajando en la vereda y la fachada del edificio.<\/span><\/p>\n","protected":false},"excerpt":{"rendered":"<p>La obra de remodelaci\u00f3n del Museo Salvador Calafat, que contempla arreglos en los pisos, techos, paredes y m\u00e1s, ya cuenta con &#8230;<\/p>\n","protected":false},"author":8,"featured_media":111651,"comment_status":"open","ping_status":"open","sticky":false,"template":"","format":"standard","meta":{"footnotes":""},"categories":[5,19],"tags":[],"class_list":["post-111649","post","type-post","status-publish","format-standard","has-post-thumbnail","hentry","category-actualidad","category-cultura"],"_links":{"self":[{"href":"https:\/\/vinasfm.com\/noticias\/wp-json\/wp\/v2\/posts\/111649","targetHints":{"allow":["GET"]}}],"collection":[{"href":"https:\/\/vinasfm.com\/noticias\/wp-json\/wp\/v2\/posts"}],"about":[{"href":"https:\/\/vinasfm.com\/noticias\/wp-json\/wp\/v2\/types\/post"}],"author":[{"embeddable":true,"href":"https:\/\/vinasfm.com\/noticias\/wp-json\/wp\/v2\/users\/8"}],"replies":[{"embeddable":true,"href":"https:\/\/vinasfm.com\/noticias\/wp-json\/wp\/v2\/comments?post=111649"}],"version-history":[{"count":3,"href":"https:\/\/vinasfm.com\/noticias\/wp-json\/wp\/v2\/posts\/111649\/revisions"}],"predecessor-version":[{"id":111706,"href":"https:\/\/vinasfm.com\/noticias\/wp-json\/wp\/v2\/posts\/111649\/revisions\/111706"}],"wp:featuredmedia":[{"embeddable":true,"href":"https:\/\/vinasfm.com\/noticias\/wp-json\/wp\/v2\/media\/111651"}],"wp:attachment":[{"href":"https:\/\/vinasfm.com\/noticias\/wp-json\/wp\/v2\/media?parent=111649"}],"wp:term":[{"taxonomy":"category","embeddable":true,"href":"https:\/\/vinasfm.com\/noticias\/wp-json\/wp\/v2\/categories?post=111649"},{"taxonomy":"post_tag","embeddable":true,"href":"https:\/\/vinasfm.com\/noticias\/wp-json\/wp\/v2\/tags?post=111649"}],"curies":[{"name":"wp","href":"https:\/\/api.w.org\/{rel}","templated":true}]}}