{"id":111644,"date":"2022-08-02T23:01:30","date_gmt":"2022-08-03T02:01:30","guid":{"rendered":"http:\/\/vinasfm.com\/noticias\/?p=111644"},"modified":"2022-08-03T08:58:11","modified_gmt":"2022-08-03T11:58:11","slug":"concluyo-el-curso-de-poda-de-vid-dictado-por-la-direccion-de-agricultura","status":"publish","type":"post","link":"https:\/\/vinasfm.com\/noticias\/concluyo-el-curso-de-poda-de-vid-dictado-por-la-direccion-de-agricultura\/","title":{"rendered":"CONCLUY\u00d3 EL CURSO DE PODA DE VID DICTADO POR LA DIRECCI\u00d3N DE AGRICULTURA"},"content":{"rendered":"<h4><span style=\"color: #000000;\"><strong>En Bodega Fara\u00f3n, culmin\u00f3 el Curso de Poda de la Vid, en la que participaron cerca de 50 interesados, y que consisti\u00f3 en tres clases te\u00f3ricas y pr\u00e1cticas que se dictaron en el Punto Digital y en los vi\u00f1edos del predio del Monumento Hist\u00f3rico Nacional.<\/strong><\/span><\/h4>\n<p><span style=\"color: #000000;\">Durante la actividad organizada por la <strong>Direcci\u00f3n de Agricultura, Ganader\u00eda y Faena<\/strong>, entreg\u00f3 a productores y j\u00f3venes que la completaron, <strong>un kit de poda<\/strong> compuesto por tijera, serrucho, guantes y gafas protectoras entre otros elementos. Adem\u00e1s, quienes lo solicitaron, quedaron registrados en un banco de empleo de podadores.<\/span><\/p>\n<p><span style=\"color: #000000;\">El Director de Agricultura<strong> Agust\u00edn Anzorena<\/strong> expres\u00f3: \u201c<strong><em>La \u00faltima clase fue netamente pr\u00e1ctica, la idea surgi\u00f3 del d\u00e9ficit que tenemos en cuanto a mano de obra en la parte local cubriendo la demanda de los productores que no consiguen podadores, por eso pensamos en capacitar a gente que quiera aprender el oficio y despu\u00e9s dejarlo plasmado en un banco de datos en la Oficina de Empleo Municipal, donde el productor pueda buscar los datos y contratarlo<\/em><\/strong>\u201d. Es importante destacar que el proyecto contaba con el apoyo de la Subsecretar\u00eda de Desarrollo Social de la Provincia, quienes brindaron los elementos del kit de poda.<\/span><\/p>\n<p><span style=\"color: #000000;\">Cecilia, una de las participantes, que adem\u00e1s es estudiante de la Tecnicatura Agron\u00f3mica en el IES: \u201c<strong><em>Me encant\u00f3 c\u00f3mo la dieron, adem\u00e1s de que era un curso vers\u00e1til, que cont\u00f3 con parte pr\u00e1ctica y parte te\u00f3rica, el horario fue muy c\u00f3modo para que todos participemos<\/em><\/strong>\u201d. Asimismo, Miguel, otro participante del curso dijo: \u201c<strong><em>Aprend\u00ed un mont\u00f3n de cosas, en mi caso particip\u00e9 porque me interesaba, adem\u00e1s de que me va a servir mucho para poder trabajar<\/em><\/strong>\u201d.<\/span><\/p>\n","protected":false},"excerpt":{"rendered":"<p>En Bodega Fara\u00f3n, culmin\u00f3 el Curso de Poda de la Vid, en la que participaron cerca de 50 interesados, y que &#8230;<\/p>\n","protected":false},"author":8,"featured_media":111646,"comment_status":"open","ping_status":"open","sticky":false,"template":"","format":"standard","meta":{"footnotes":""},"categories":[5,14],"tags":[],"class_list":["post-111644","post","type-post","status-publish","format-standard","has-post-thumbnail","hentry","category-actualidad","category-agro"],"_links":{"self":[{"href":"https:\/\/vinasfm.com\/noticias\/wp-json\/wp\/v2\/posts\/111644","targetHints":{"allow":["GET"]}}],"collection":[{"href":"https:\/\/vinasfm.com\/noticias\/wp-json\/wp\/v2\/posts"}],"about":[{"href":"https:\/\/vinasfm.com\/noticias\/wp-json\/wp\/v2\/types\/post"}],"author":[{"embeddable":true,"href":"https:\/\/vinasfm.com\/noticias\/wp-json\/wp\/v2\/users\/8"}],"replies":[{"embeddable":true,"href":"https:\/\/vinasfm.com\/noticias\/wp-json\/wp\/v2\/comments?post=111644"}],"version-history":[{"count":1,"href":"https:\/\/vinasfm.com\/noticias\/wp-json\/wp\/v2\/posts\/111644\/revisions"}],"predecessor-version":[{"id":111647,"href":"https:\/\/vinasfm.com\/noticias\/wp-json\/wp\/v2\/posts\/111644\/revisions\/111647"}],"wp:featuredmedia":[{"embeddable":true,"href":"https:\/\/vinasfm.com\/noticias\/wp-json\/wp\/v2\/media\/111646"}],"wp:attachment":[{"href":"https:\/\/vinasfm.com\/noticias\/wp-json\/wp\/v2\/media?parent=111644"}],"wp:term":[{"taxonomy":"category","embeddable":true,"href":"https:\/\/vinasfm.com\/noticias\/wp-json\/wp\/v2\/categories?post=111644"},{"taxonomy":"post_tag","embeddable":true,"href":"https:\/\/vinasfm.com\/noticias\/wp-json\/wp\/v2\/tags?post=111644"}],"curies":[{"name":"wp","href":"https:\/\/api.w.org\/{rel}","templated":true}]}}