{"id":111637,"date":"2022-08-02T20:55:37","date_gmt":"2022-08-02T23:55:37","guid":{"rendered":"http:\/\/vinasfm.com\/noticias\/?p=111637"},"modified":"2022-08-04T08:42:43","modified_gmt":"2022-08-04T11:42:43","slug":"encontraron-completamente-incinerado-un-auto-que-habia-sido-robado-en-real-del-padre","status":"publish","type":"post","link":"https:\/\/vinasfm.com\/noticias\/encontraron-completamente-incinerado-un-auto-que-habia-sido-robado-en-real-del-padre\/","title":{"rendered":"ENCONTRARON COMPLETAMENTE INCINERADO UN AUTO QUE HAB\u00cdA SIDO ROBADO EN REAL DEL PADRE"},"content":{"rendered":"<h4><span style=\"color: #000000;\"><strong>Un Renault 12 (patente UWL699) que hab\u00eda sido sustra\u00eddo durante la madrugada de este lunes en Real del Padre, apareci\u00f3 incinerado en horas de la tarde en un descampado de Los Claveles.<\/strong><\/span><\/h4>\n<p><span style=\"color: #000000;\">El curioso suceso comenz\u00f3 durante las primeras horas del lunes, cuando la due\u00f1a del veh\u00edculo constat\u00f3 que autores ignorados lo hab\u00edan sustra\u00eddo mientras se encontraba estacionado frente a su domicilio de <strong>calle Formosa<\/strong>, en Real del Padre. <\/span><\/p>\n<p><span style=\"color: #000000;\">Lo m\u00e1s ins\u00f3lito de la situaci\u00f3n qued\u00f3 registrado en una c\u00e1mara de seguridad perteneciente a un comercio de la zona, que mostr\u00f3 como <strong>los malvivientes forzaban una de las puertas del rodado, sub\u00edan al mismo y luego se lo llevaban empuj\u00e1ndolo de atr\u00e1s con otro veh\u00edculo<\/strong>.<\/span><\/p>\n<p><span style=\"color: #000000;\">Denunciado el robo, personal policial desarroll\u00f3 varios operativos a fin de dar con el paradero de la movilidad y de los ladrones. En esa instancia, y <strong>cerca de las 14hs de ayer<\/strong>, el veh\u00edculo \u2013que es el \u00fanico medio de movilidad de una pareja de trabajadores- <strong>apareci\u00f3 completamente incinerado sin sus cuatro ruedas ni su bateria en un peque\u00f1o basural en Ruta 143 vieja<\/strong>.\u00a0<\/span><\/p>\n<p><span style=\"color: #000000;\">Ahora las autoridades buscan dar con los delincuentes, aunque por el momento no hay aprehendidos en el marco de la causa.<\/span><\/p>\n","protected":false},"excerpt":{"rendered":"<p>Un Renault 12 (patente UWL699) que hab\u00eda sido sustra\u00eddo durante la madrugada de este lunes en Real del Padre, apareci\u00f3 incinerado &#8230;<\/p>\n","protected":false},"author":8,"featured_media":111638,"comment_status":"open","ping_status":"open","sticky":false,"template":"","format":"standard","meta":{"footnotes":""},"categories":[5,4],"tags":[],"class_list":["post-111637","post","type-post","status-publish","format-standard","has-post-thumbnail","hentry","category-actualidad","category-policiales"],"_links":{"self":[{"href":"https:\/\/vinasfm.com\/noticias\/wp-json\/wp\/v2\/posts\/111637","targetHints":{"allow":["GET"]}}],"collection":[{"href":"https:\/\/vinasfm.com\/noticias\/wp-json\/wp\/v2\/posts"}],"about":[{"href":"https:\/\/vinasfm.com\/noticias\/wp-json\/wp\/v2\/types\/post"}],"author":[{"embeddable":true,"href":"https:\/\/vinasfm.com\/noticias\/wp-json\/wp\/v2\/users\/8"}],"replies":[{"embeddable":true,"href":"https:\/\/vinasfm.com\/noticias\/wp-json\/wp\/v2\/comments?post=111637"}],"version-history":[{"count":3,"href":"https:\/\/vinasfm.com\/noticias\/wp-json\/wp\/v2\/posts\/111637\/revisions"}],"predecessor-version":[{"id":111747,"href":"https:\/\/vinasfm.com\/noticias\/wp-json\/wp\/v2\/posts\/111637\/revisions\/111747"}],"wp:featuredmedia":[{"embeddable":true,"href":"https:\/\/vinasfm.com\/noticias\/wp-json\/wp\/v2\/media\/111638"}],"wp:attachment":[{"href":"https:\/\/vinasfm.com\/noticias\/wp-json\/wp\/v2\/media?parent=111637"}],"wp:term":[{"taxonomy":"category","embeddable":true,"href":"https:\/\/vinasfm.com\/noticias\/wp-json\/wp\/v2\/categories?post=111637"},{"taxonomy":"post_tag","embeddable":true,"href":"https:\/\/vinasfm.com\/noticias\/wp-json\/wp\/v2\/tags?post=111637"}],"curies":[{"name":"wp","href":"https:\/\/api.w.org\/{rel}","templated":true}]}}