{"id":111435,"date":"2022-07-28T16:30:26","date_gmt":"2022-07-28T19:30:26","guid":{"rendered":"http:\/\/vinasfm.com\/noticias\/?p=111435"},"modified":"2022-07-30T09:37:36","modified_gmt":"2022-07-30T12:37:36","slug":"ate-alvear-ratifico-la-continuidad-de-medidas-de-fuerza-en-rechazo-a-la-oferta-salarial-del-gobierno","status":"publish","type":"post","link":"https:\/\/vinasfm.com\/noticias\/ate-alvear-ratifico-la-continuidad-de-medidas-de-fuerza-en-rechazo-a-la-oferta-salarial-del-gobierno\/","title":{"rendered":"ATE ALVEAR RATIFIC\u00d3 LA CONTINUIDAD DE MEDIDAS DE FUERZA EN RECHAZO A LA OFERTA SALARIAL DEL GOBIERNO"},"content":{"rendered":"<h4><span style=\"color: #000000;\"><strong>Luego de dos jornadas en las que los gremios estatales realizaron intensas acciones directas contra la oferta salarial que formaliz\u00f3 el gobierno de Mendoza el pasado jueves en las reapertura de paritarias, la Asociaci\u00f3n de Trabajadores del Estado (ATE) ratific\u00f3 la continuidad de las medidas de fuerza tras ser recibidos este mi\u00e9rcoles por funcionarios provinciales en un c\u00f3nclave informal en el que no llegaron a un acuerdo.<\/strong><\/span><\/h4>\n<p><span style=\"color: #000000;\">Trabajadores nucleados en ATE Alvear, y sus representantes, participaron en las movilizaciones y cortes en la capital provincial, mientras que en el hospital local la adhesi\u00f3n al paro fue del 65% y en las escuelas alcanz\u00f3 el 95%: &#8216;<strong><em>Llevamos 45 d\u00edas de retenci\u00f3n de servicio y movilizaciones por lo que el martes nos concentramos en Casa de Gobierno junto con la masiva marcha de trabajadores estatales con el fin de exigirle al gobierno provincial que mejore la oferta salarial puesto que consideramos insuficiente el incremento que oficializ\u00f3 la semana pasada<\/em><\/strong>&#8216;, expres\u00f3 en di\u00e1logo con <em>F.M. Vi\u00f1as<\/em> la <strong>Secretaria General de ATE en Alvear, Valeria Olgu\u00edn<\/strong>.<\/span><\/p>\n<p><span style=\"color: #000000;\">En medio de las manifestaciones que desarrollaron en torno a la Casa de Gobierno, miembros del Ejecutivo convocaron a los representantes de ATE\u00a0 a una reuni\u00f3n no oficial alrededor de las 14hs pero las horas pasaron y la misma se fue dilatando hasta las 19hs, cuando las puertas del palacio gubernamental se abrieron y fueron recibidos por el Ministro de Gobierno V\u00edctor Ib\u00e1\u00f1ez y el de Hacienda, V\u00edctor Fayad: &#8216;<strong><em>La reuni\u00f3n se extendi\u00f3 hasta las 22hs y la verdad que no fue productiva ya que reiteraron el ofrecimiento inicial donde quieren otorgarnos un aumento del 7% en agosto. Los $40.000 que solicitamos no lo ofrecieron ni en blanco ni en negro pese a que le mostramos la realidad de los trabajadores. El Estado provincial no tiene empat\u00eda con la situaci\u00f3n de los estatales, que est\u00e1n pasando una situaci\u00f3n cr\u00edtica<\/em><\/strong>&#8216;, resumi\u00f3 Olgu\u00edn, y en la misma l\u00ednea asegur\u00f3: &#8216;<strong><em>Le mostramos de d\u00f3nde tienen que sacar el dinero para recomponer los salarios pero se opusieron<\/em><\/strong>&#8216;.<\/span><\/p>\n<p><span style=\"color: #000000;\">Respecto a las declaraciones de funcionarios provinciales que tildaron de &#8216;<strong>ins\u00f3lito<\/strong>&#8216; el paro de los estatales y a posterior el mensaje del primer mandatario provincial v\u00eda Twitter, la Secretaria General de ATE Alvear sostuvo: &#8216;<strong><em>No estamos de acuerdo con ninguna de las declaraciones porque el paro no fue innecesario. Ellos tienen una venda en los ojos y solo ven los sueldos que cobran ellos y sus funcionarios por lo que evidentemente las realidades son distintas y ellos est\u00e1n lejos de lo que pasamos los trabajadores estatales<\/em><\/strong>&#8216;. Asimismo, dispar\u00f3: &#8216;<strong><em>Si no tienen la capacidad de llevar adelante la administraci\u00f3n de la provincia y la responsabilidad de generar empleo y sostener a los trabajadores que hagan un paso al costado<\/em><\/strong>&#8216;.<\/span><\/p>\n<p><span style=\"color: #000000;\">Adem\u00e1s, la representante gremial celebr\u00f3 &#8216;<strong><em>el alto acatamiento al paro en el hospital Enfermeros Argentinos por eso no coincidimos con los datos falsos que arroj\u00f3 el gobierno que instala mentiras para confundir a la sociedad mendocina<\/em><\/strong>&#8216;.<\/span><\/p>\n<p><span style=\"color: #000000;\">Finalmente adelant\u00f3 que &#8216;<strong><em>las medidas de fuerza van a continuar porque es la forma que tenemos de hacernos escuchar ante el negacionismo de la realidad que hace este gobierno que no escucha ni siquiera en las mesas de di\u00e1logo<\/em><\/strong>&#8216;, por lo que durante este jueves se realizar\u00e1n acciones directas en distintos puntos de la provincia y en Alvear, particularmente, &#8216;<strong><em>realizaremos cortes informativos para que todos conozcan cu\u00e1l es la realidad que vivimos y seguiremos con Asambleas, huelgas y dem\u00e1s medidas<\/em><\/strong>&#8216;, concluy\u00f3 Valeria Olgu\u00edn.<\/span><\/p>\n","protected":false},"excerpt":{"rendered":"<p>Luego de dos jornadas en las que los gremios estatales realizaron intensas acciones directas contra la oferta salarial que formaliz\u00f3 el &#8230;<\/p>\n","protected":false},"author":8,"featured_media":111437,"comment_status":"open","ping_status":"open","sticky":false,"template":"","format":"standard","meta":{"footnotes":""},"categories":[5,10],"tags":[],"class_list":["post-111435","post","type-post","status-publish","format-standard","has-post-thumbnail","hentry","category-actualidad","category-destacadas"],"_links":{"self":[{"href":"https:\/\/vinasfm.com\/noticias\/wp-json\/wp\/v2\/posts\/111435","targetHints":{"allow":["GET"]}}],"collection":[{"href":"https:\/\/vinasfm.com\/noticias\/wp-json\/wp\/v2\/posts"}],"about":[{"href":"https:\/\/vinasfm.com\/noticias\/wp-json\/wp\/v2\/types\/post"}],"author":[{"embeddable":true,"href":"https:\/\/vinasfm.com\/noticias\/wp-json\/wp\/v2\/users\/8"}],"replies":[{"embeddable":true,"href":"https:\/\/vinasfm.com\/noticias\/wp-json\/wp\/v2\/comments?post=111435"}],"version-history":[{"count":6,"href":"https:\/\/vinasfm.com\/noticias\/wp-json\/wp\/v2\/posts\/111435\/revisions"}],"predecessor-version":[{"id":111544,"href":"https:\/\/vinasfm.com\/noticias\/wp-json\/wp\/v2\/posts\/111435\/revisions\/111544"}],"wp:featuredmedia":[{"embeddable":true,"href":"https:\/\/vinasfm.com\/noticias\/wp-json\/wp\/v2\/media\/111437"}],"wp:attachment":[{"href":"https:\/\/vinasfm.com\/noticias\/wp-json\/wp\/v2\/media?parent=111435"}],"wp:term":[{"taxonomy":"category","embeddable":true,"href":"https:\/\/vinasfm.com\/noticias\/wp-json\/wp\/v2\/categories?post=111435"},{"taxonomy":"post_tag","embeddable":true,"href":"https:\/\/vinasfm.com\/noticias\/wp-json\/wp\/v2\/tags?post=111435"}],"curies":[{"name":"wp","href":"https:\/\/api.w.org\/{rel}","templated":true}]}}