{"id":111434,"date":"2022-07-28T00:01:59","date_gmt":"2022-07-28T03:01:59","guid":{"rendered":"http:\/\/vinasfm.com\/noticias\/?p=111434"},"modified":"2022-07-29T10:29:09","modified_gmt":"2022-07-29T13:29:09","slug":"este-viernes-llega-a-su-fin-el-curso-de-poda-organizado-por-la-direccion-de-agricultura-ganaderia-y-faena","status":"publish","type":"post","link":"https:\/\/vinasfm.com\/noticias\/este-viernes-llega-a-su-fin-el-curso-de-poda-organizado-por-la-direccion-de-agricultura-ganaderia-y-faena\/","title":{"rendered":"LLEGA A SU FIN EL CURSO DE PODA ORGANIZADO POR LA DIRECCI\u00d3N DE AGRICULTURA"},"content":{"rendered":"<h4><span style=\"color: #000000;\"><strong>Llega a su fin el curso de poda dictado por la Direcci\u00f3n de Agricultura Ganader\u00eda y Faena. Este mismo se inclin\u00f3 por clases te\u00f3ricas y pr\u00e1cticas para todos los inscriptos.\u00a0<\/strong><\/span><\/h4>\n<p><span style=\"color: #000000;\">Este viernes a las 15 hs en el vi\u00f1edo de la Bodega Fara\u00f3n se dictar\u00e1 la \u00faltima clase de capacitaci\u00f3n en poda de vid, la primera clase se torno de forma te\u00f3rica donde mostraron todo lo relacionado a la poda de vid, la segunda fue mitad te\u00f3rica y pr\u00e1ctica en donde se entrego el material de trabajo. <\/span><\/p>\n<p><span style=\"color: #000000;\">Por \u00faltimo la tercera clase ser\u00e1 totalmente pr\u00e1ctica donde los productores plasmaran todo lo aprendido en las respectivas clases.<\/span><\/p>\n<p><span style=\"color: #000000;\">El director de Agricultura, Agust\u00edn Anzorena, se\u00f1al\u00f3<strong>:<\/strong> <strong>\u00ab<em>Una capacitaci\u00f3n muy demandada con mas de cuarenta inscriptos, una vez que todos los interesados hayan culminado la capacitaci\u00f3n todos esos datos ser\u00e1n llevados a la oficina de empleo del municipio donde quedaran a disposici\u00f3n de los productores que necesiten mano de obra calificada<\/em>\u00ab.<\/strong> Adem\u00e1s agreg\u00f3 que se capacit\u00f3 gente de diferentes edades.<\/span><\/p>\n<h6><span style=\"color: #000000;\"><strong>Ludmila Lucero<\/strong><\/span><\/h6>\n","protected":false},"excerpt":{"rendered":"<p>Llega a su fin el curso de poda dictado por la Direcci\u00f3n de Agricultura Ganader\u00eda y Faena. Este mismo se inclin\u00f3 &#8230;<\/p>\n","protected":false},"author":7,"featured_media":10489,"comment_status":"open","ping_status":"open","sticky":false,"template":"","format":"standard","meta":{"footnotes":""},"categories":[5,14],"tags":[],"class_list":["post-111434","post","type-post","status-publish","format-standard","has-post-thumbnail","hentry","category-actualidad","category-agro"],"_links":{"self":[{"href":"https:\/\/vinasfm.com\/noticias\/wp-json\/wp\/v2\/posts\/111434","targetHints":{"allow":["GET"]}}],"collection":[{"href":"https:\/\/vinasfm.com\/noticias\/wp-json\/wp\/v2\/posts"}],"about":[{"href":"https:\/\/vinasfm.com\/noticias\/wp-json\/wp\/v2\/types\/post"}],"author":[{"embeddable":true,"href":"https:\/\/vinasfm.com\/noticias\/wp-json\/wp\/v2\/users\/7"}],"replies":[{"embeddable":true,"href":"https:\/\/vinasfm.com\/noticias\/wp-json\/wp\/v2\/comments?post=111434"}],"version-history":[{"count":4,"href":"https:\/\/vinasfm.com\/noticias\/wp-json\/wp\/v2\/posts\/111434\/revisions"}],"predecessor-version":[{"id":111452,"href":"https:\/\/vinasfm.com\/noticias\/wp-json\/wp\/v2\/posts\/111434\/revisions\/111452"}],"wp:featuredmedia":[{"embeddable":true,"href":"https:\/\/vinasfm.com\/noticias\/wp-json\/wp\/v2\/media\/10489"}],"wp:attachment":[{"href":"https:\/\/vinasfm.com\/noticias\/wp-json\/wp\/v2\/media?parent=111434"}],"wp:term":[{"taxonomy":"category","embeddable":true,"href":"https:\/\/vinasfm.com\/noticias\/wp-json\/wp\/v2\/categories?post=111434"},{"taxonomy":"post_tag","embeddable":true,"href":"https:\/\/vinasfm.com\/noticias\/wp-json\/wp\/v2\/tags?post=111434"}],"curies":[{"name":"wp","href":"https:\/\/api.w.org\/{rel}","templated":true}]}}