{"id":111310,"date":"2022-07-25T00:01:44","date_gmt":"2022-07-25T03:01:44","guid":{"rendered":"http:\/\/vinasfm.com\/noticias\/?p=111310"},"modified":"2022-07-26T11:05:03","modified_gmt":"2022-07-26T14:05:03","slug":"musica-y-mucho-mas-en-una-nueva-jornada-de-tardecitas-de-mercado","status":"publish","type":"post","link":"https:\/\/vinasfm.com\/noticias\/musica-y-mucho-mas-en-una-nueva-jornada-de-tardecitas-de-mercado\/","title":{"rendered":"M\u00daSICA Y MUCHO M\u00c1S EN UNA NUEVA JORNADA DE TARDECITAS DE MERCADO"},"content":{"rendered":"<h4><span style=\"color: #000000;\"><strong>El ciclo Tardecitas en el Mercado ya es un cl\u00e1sico de los fines de semana en General Alvear. Este domingo se presentaron la banda Echarenmano y la obra de t\u00edteres \u201c\u00bfQui\u00e9n es el culpable?\u201d, adem\u00e1s se realiz\u00f3 una actividad de ecocanje.<\/strong><\/span><\/h4>\n<p><span style=\"color: #000000;\">El Mercado Municipal se transform\u00f3 en un espacio donde conviven la m\u00fasica, las artesan\u00edas, el teatro y la solidaridad, todo esto gracias a las diferentes acciones que se realizan cada fin de semana. As\u00ed lo manifiestan los artistas que se presentan sobre el escenario que all\u00ed est\u00e1 ubicado: \u201c<strong><em>Despu\u00e9s de dos a\u00f1os de no poder realizar presentaciones, contar con este espacio es muy bueno, es un poco romper con la inercia y empezar a hacer m\u00e1s cosas<\/em><\/strong>\u201d, expres\u00f3 Mauro Salinas, de Echarenmano, quien destac\u00f3 la participaci\u00f3n del p\u00fablico, que se acerca, no solo a comprar, sino tambi\u00e9n a tomar mates y pasar una gran tarde.<\/span><\/p>\n<p><span style=\"color: #000000;\">As\u00ed tambi\u00e9n lo remarc\u00f3 Karen Escudero, quien es una de las artesanas que se presentan cada fin de semana: \u201c<strong><em>La pasamos muy lindo, adem\u00e1s estaban mis nenes quienes disfrutaron con la obra de t\u00edteres donde aprendieron acerca del cuidado de la tierra y el agua. Est\u00e1 muy bueno para que la gente del departamento y de otros lugares pase una tarde diferente<\/em><\/strong>\u201d.<\/span><\/p>\n","protected":false},"excerpt":{"rendered":"<p>El ciclo Tardecitas en el Mercado ya es un cl\u00e1sico de los fines de semana en General Alvear. Este domingo se &#8230;<\/p>\n","protected":false},"author":8,"featured_media":111311,"comment_status":"open","ping_status":"open","sticky":false,"template":"","format":"standard","meta":{"footnotes":""},"categories":[5,10],"tags":[],"class_list":["post-111310","post","type-post","status-publish","format-standard","has-post-thumbnail","hentry","category-actualidad","category-destacadas"],"_links":{"self":[{"href":"https:\/\/vinasfm.com\/noticias\/wp-json\/wp\/v2\/posts\/111310","targetHints":{"allow":["GET"]}}],"collection":[{"href":"https:\/\/vinasfm.com\/noticias\/wp-json\/wp\/v2\/posts"}],"about":[{"href":"https:\/\/vinasfm.com\/noticias\/wp-json\/wp\/v2\/types\/post"}],"author":[{"embeddable":true,"href":"https:\/\/vinasfm.com\/noticias\/wp-json\/wp\/v2\/users\/8"}],"replies":[{"embeddable":true,"href":"https:\/\/vinasfm.com\/noticias\/wp-json\/wp\/v2\/comments?post=111310"}],"version-history":[{"count":2,"href":"https:\/\/vinasfm.com\/noticias\/wp-json\/wp\/v2\/posts\/111310\/revisions"}],"predecessor-version":[{"id":111319,"href":"https:\/\/vinasfm.com\/noticias\/wp-json\/wp\/v2\/posts\/111310\/revisions\/111319"}],"wp:featuredmedia":[{"embeddable":true,"href":"https:\/\/vinasfm.com\/noticias\/wp-json\/wp\/v2\/media\/111311"}],"wp:attachment":[{"href":"https:\/\/vinasfm.com\/noticias\/wp-json\/wp\/v2\/media?parent=111310"}],"wp:term":[{"taxonomy":"category","embeddable":true,"href":"https:\/\/vinasfm.com\/noticias\/wp-json\/wp\/v2\/categories?post=111310"},{"taxonomy":"post_tag","embeddable":true,"href":"https:\/\/vinasfm.com\/noticias\/wp-json\/wp\/v2\/tags?post=111310"}],"curies":[{"name":"wp","href":"https:\/\/api.w.org\/{rel}","templated":true}]}}