{"id":111288,"date":"2022-07-25T22:40:48","date_gmt":"2022-07-26T01:40:48","guid":{"rendered":"http:\/\/vinasfm.com\/noticias\/?p=111288"},"modified":"2022-07-26T10:25:24","modified_gmt":"2022-07-26T13:25:24","slug":"detuvieron-a-un-sujeto-oriundo-de-neuquen-que-robo-en-un-comercio-centrico","status":"publish","type":"post","link":"https:\/\/vinasfm.com\/noticias\/detuvieron-a-un-sujeto-oriundo-de-neuquen-que-robo-en-un-comercio-centrico\/","title":{"rendered":"DETUVIERON A UN SUJETO ORIUNDO DE NEUQU\u00c9N QUE ROB\u00d3 EN UN COMERCIO C\u00c9NTRICO"},"content":{"rendered":"<h4><span style=\"color: #000000;\"><strong>Un sujeto oriundo de la provincia de Neuqu\u00e9n fue detenido el pasado viernes en horas de la noche luego de apoderarse de un tel\u00e9fono celular en el interior de un local comercial.<\/strong><\/span><\/h4>\n<p><span style=\"color: #000000;\">El informe oficial se\u00f1ala que a las 19hs del viernes pr\u00f3ximo pasado, los propietario de un comercio situado en calle Intendente Morales, frente a la terminal de \u00f3mnibus, un malviviente se hab\u00eda llevado un celular.<\/span><\/p>\n<p><span style=\"color: #000000;\">Constataron lo sucedido gracias a la grabaci\u00f3n de una de las c\u00e1maras de seguridad, material que entregaron a la polic\u00eda por lo que estos se abocaron en encontrar al se\u00f1alado, bajo instrucci\u00f3n de la Unidad Fiscal de Comisar\u00eda 14\u00aa.<\/span><\/p>\n<p><span style=\"color: #000000;\">Siendo las 21:40hs, personal de Investigaciones logr\u00f3 dar con el causante, procediendo a su aprehensi\u00f3n en inmediaciones de la terminal resultando ser un hombre de 41 a\u00f1os, quien qued\u00f3 a disposici\u00f3n de la justicia.<\/span><\/p>\n","protected":false},"excerpt":{"rendered":"<p>Un sujeto oriundo de la provincia de Neuqu\u00e9n fue detenido el pasado viernes en horas de la noche luego de apoderarse &#8230;<\/p>\n","protected":false},"author":8,"featured_media":101629,"comment_status":"open","ping_status":"open","sticky":false,"template":"","format":"standard","meta":{"footnotes":""},"categories":[5,4],"tags":[],"class_list":["post-111288","post","type-post","status-publish","format-standard","has-post-thumbnail","hentry","category-actualidad","category-policiales"],"_links":{"self":[{"href":"https:\/\/vinasfm.com\/noticias\/wp-json\/wp\/v2\/posts\/111288","targetHints":{"allow":["GET"]}}],"collection":[{"href":"https:\/\/vinasfm.com\/noticias\/wp-json\/wp\/v2\/posts"}],"about":[{"href":"https:\/\/vinasfm.com\/noticias\/wp-json\/wp\/v2\/types\/post"}],"author":[{"embeddable":true,"href":"https:\/\/vinasfm.com\/noticias\/wp-json\/wp\/v2\/users\/8"}],"replies":[{"embeddable":true,"href":"https:\/\/vinasfm.com\/noticias\/wp-json\/wp\/v2\/comments?post=111288"}],"version-history":[{"count":2,"href":"https:\/\/vinasfm.com\/noticias\/wp-json\/wp\/v2\/posts\/111288\/revisions"}],"predecessor-version":[{"id":111342,"href":"https:\/\/vinasfm.com\/noticias\/wp-json\/wp\/v2\/posts\/111288\/revisions\/111342"}],"wp:featuredmedia":[{"embeddable":true,"href":"https:\/\/vinasfm.com\/noticias\/wp-json\/wp\/v2\/media\/101629"}],"wp:attachment":[{"href":"https:\/\/vinasfm.com\/noticias\/wp-json\/wp\/v2\/media?parent=111288"}],"wp:term":[{"taxonomy":"category","embeddable":true,"href":"https:\/\/vinasfm.com\/noticias\/wp-json\/wp\/v2\/categories?post=111288"},{"taxonomy":"post_tag","embeddable":true,"href":"https:\/\/vinasfm.com\/noticias\/wp-json\/wp\/v2\/tags?post=111288"}],"curies":[{"name":"wp","href":"https:\/\/api.w.org\/{rel}","templated":true}]}}