{"id":111279,"date":"2022-07-25T09:10:24","date_gmt":"2022-07-25T12:10:24","guid":{"rendered":"http:\/\/vinasfm.com\/noticias\/?p=111279"},"modified":"2022-07-26T10:01:45","modified_gmt":"2022-07-26T13:01:45","slug":"por-que-hoy-se-celebra-el-dia-del-santo-patrono-santiago-guia-y-protector-de-los-mendocinos","status":"publish","type":"post","link":"https:\/\/vinasfm.com\/noticias\/por-que-hoy-se-celebra-el-dia-del-santo-patrono-santiago-guia-y-protector-de-los-mendocinos\/","title":{"rendered":"POR QU\u00c9 SE CELEBR\u00d3 EL D\u00cdA DEL SANTO PATRONO SANTIAGO, GU\u00cdA Y PROTECTOR DE LOS MENDOCINOS"},"content":{"rendered":"<h4><strong><span style=\"color: #000000;\">El\u00a025 de julio de cada a\u00f1o,\u00a0la Iglesia celebra la festividad de Santiago Ap\u00f3stol,\u00a0patrono de Mendoza. Ese d\u00eda, seg\u00fan la ley provincial 4.081 sancionada en 1976,\u00a0los mendocinos lo vivimos como feriado provincial o d\u00eda no laborable. Seg\u00fan la tradici\u00f3n,\u00a0si el d\u00eda del Patrono Santiago se trabaja, tiembla en Mendoza.<\/span><\/strong><\/h4>\n<p><span style=\"color: #000000;\">Santiago fue uno de los\u00a0<b>doce ap\u00f3stoles de Jes\u00fas<\/b>, incluso fue uno de los m\u00e1s cercanos. Era apodado como\u00a0<b>Santiago \u201cel Mayor\u201d o \u201cel hijo del trueno\u201d<\/b>\u00a0por su car\u00e1cter impulsivo. Form\u00f3 parte del grupo de la Iglesia primitiva de Jerusal\u00e9n. Su vida acab\u00f3 en el a\u00f1o 44 d.C cuando el Rey Herodes Agripa I, de Judea, lo mand\u00f3 decapitar. Hasta los \u00faltimos d\u00edas de su vida predic\u00f3 sobre la causa de Jes\u00fas y termin\u00f3 muriendo por \u00c9l. Seg\u00fan la leyenda, sus restos fueron trasladados por los ap\u00f3stoles hasta Galicia.<\/span><\/p>\n<p><span style=\"color: #000000;\"><b>Este mito popular,<\/b>\u00a0sujeto a creencias religiosas, comenz\u00f3 mucho tiempo atr\u00e1s y se ha ido prolongando a trav\u00e9s de los a\u00f1os. Se dice que\u00a0<b>Santiago Ap\u00f3stol \u201ces un escudo ante el problema natural que m\u00e1s preocupa a la provincia: los temblores\u201d.\u00a0<\/b>Es por esto que, como muestra de agradecimiento al protector de la provincia,<b>\u00a0todos los 25 de julio cientos de creyentes salen en procesi\u00f3n con la imagen del Santo desde la parroquia \u201cSantiago Ap\u00f3stol y San Nicol\u00e1s\u201d.<\/b><\/span><\/p>\n<p><span style=\"color: #000000;\">Como ya sabemos, fueron<b>\u00a0muchos los terremotos que castigaron a la provincia de Mendoza<\/b>\u00a0a lo largo de su historia. El \u00faltimo y uno de los m\u00e1s fuertes que quedar\u00e1 tristemente recordado en la historia de la ciudad es el del a\u00f1o\u00a0<b>1861<\/b>. \u00c9ste trajo graves consecuencias para la provincia de cuyo, entre ellas se encuentra\u00a0<b>la muerte de m\u00e1s de 5000 personas,<\/b>\u00a0<b>la destrucci\u00f3n casi total de la capital mendocina, incendios descontrolados, etc.<\/b> La causa de estos movimientos se debe a que la provincia se encuentra situada en una gran zona s\u00edsmica y lo que genera un temblor son los movimientos de las placas tect\u00f3nicas.<\/span><\/p>\n<h4><strong><span style=\"color: #000000;\">Qui\u00e9n design\u00f3 al Ap\u00f3stol Santiago como patrono de Mendoza<\/span><\/strong><\/h4>\n<p><span style=\"color: #000000;\">Algunos siglos atr\u00e1s, previo a la creaci\u00f3n del reino espa\u00f1ol, un grupo de cristianos se encomend\u00f3 al ap\u00f3stol antes de una batalla decisiva para el futuro del territorio. Al ganar sorpresivamente, tomaron a\u00a0<b>Santiago como su nuevo Patrono<\/b>. As\u00ed, el reino espa\u00f1ol tendr\u00eda un nuevo protector.<\/span><\/p>\n<p><span style=\"color: #000000;\">Tiempo despu\u00e9s, el ap\u00f3stol se convertir\u00eda tambi\u00e9n en<b>\u00a0patrono de las colonias espa\u00f1olas, como es el ejemplo de Mendoza.<\/b>\u00a0Sin embargo, en 1561, fundaci\u00f3n de la provincia, Pedro del Castillo<b>\u00a0\u201ctom\u00f3 a San Pedro como abogado y patr\u00f3n de la ciudad\u201d<\/b>, seg\u00fan consta en el acta de fundaci\u00f3n.<\/span><\/p>\n<p><span style=\"color: #000000;\">Pero, al perderse las Actas Capitulares de los primeros 5 a\u00f1os de la existencia de la ciudad, no puede saberse la fecha exacta en la que se comienza a honrar al\u00a0<b>Santo Santiago Ap\u00f3stol como patrono de la provincia.<\/b>\u00a0Sin embargo, con el paso del tiempo y hasta los \u00faltimos d\u00edas,\u00a0<b>Santiago fue convirti\u00e9ndose poco a poco en el Patrono de la provincia de Mendoza<\/b><\/span><\/p>\n","protected":false},"excerpt":{"rendered":"<p>El\u00a025 de julio de cada a\u00f1o,\u00a0la Iglesia celebra la festividad de Santiago Ap\u00f3stol,\u00a0patrono de Mendoza. Ese d\u00eda, seg\u00fan la ley provincial &#8230;<\/p>\n","protected":false},"author":8,"featured_media":111283,"comment_status":"open","ping_status":"open","sticky":false,"template":"","format":"standard","meta":{"footnotes":""},"categories":[5,27],"tags":[],"class_list":["post-111279","post","type-post","status-publish","format-standard","has-post-thumbnail","hentry","category-actualidad","category-efemerides"],"_links":{"self":[{"href":"https:\/\/vinasfm.com\/noticias\/wp-json\/wp\/v2\/posts\/111279","targetHints":{"allow":["GET"]}}],"collection":[{"href":"https:\/\/vinasfm.com\/noticias\/wp-json\/wp\/v2\/posts"}],"about":[{"href":"https:\/\/vinasfm.com\/noticias\/wp-json\/wp\/v2\/types\/post"}],"author":[{"embeddable":true,"href":"https:\/\/vinasfm.com\/noticias\/wp-json\/wp\/v2\/users\/8"}],"replies":[{"embeddable":true,"href":"https:\/\/vinasfm.com\/noticias\/wp-json\/wp\/v2\/comments?post=111279"}],"version-history":[{"count":3,"href":"https:\/\/vinasfm.com\/noticias\/wp-json\/wp\/v2\/posts\/111279\/revisions"}],"predecessor-version":[{"id":111326,"href":"https:\/\/vinasfm.com\/noticias\/wp-json\/wp\/v2\/posts\/111279\/revisions\/111326"}],"wp:featuredmedia":[{"embeddable":true,"href":"https:\/\/vinasfm.com\/noticias\/wp-json\/wp\/v2\/media\/111283"}],"wp:attachment":[{"href":"https:\/\/vinasfm.com\/noticias\/wp-json\/wp\/v2\/media?parent=111279"}],"wp:term":[{"taxonomy":"category","embeddable":true,"href":"https:\/\/vinasfm.com\/noticias\/wp-json\/wp\/v2\/categories?post=111279"},{"taxonomy":"post_tag","embeddable":true,"href":"https:\/\/vinasfm.com\/noticias\/wp-json\/wp\/v2\/tags?post=111279"}],"curies":[{"name":"wp","href":"https:\/\/api.w.org\/{rel}","templated":true}]}}