{"id":111278,"date":"2022-07-25T23:59:26","date_gmt":"2022-07-26T02:59:26","guid":{"rendered":"http:\/\/vinasfm.com\/noticias\/?p=111278"},"modified":"2022-07-27T07:56:48","modified_gmt":"2022-07-27T10:56:48","slug":"las-tradicionales-rugieron-en-el-victor-garcia","status":"publish","type":"post","link":"https:\/\/vinasfm.com\/noticias\/las-tradicionales-rugieron-en-el-victor-garcia\/","title":{"rendered":"LAS TRADICIONALES VOLVIERON A RUGIR EN EL V\u00cdCTOR GARC\u00cdA: RESULTADOS DE LA 5\u00aa FECHA"},"content":{"rendered":"<h4><span style=\"color: #000000;\"><strong>Muchas familias alvearenses acompa\u00f1aron con su presencia las Carreras Tradicionales en el Aut\u00f3dromo Kart\u00f3dromo municipal V\u00edctor Garc\u00eda.<\/strong><\/span><\/h4>\n<p><span style=\"color: #000000;\">El presidente de AAKA (Sebasti\u00e1n Rosso) realizo un balance acerca de las carreras tradicionales en el Aut\u00f3dromo Kart\u00f3dromo municipal V\u00edctor Garc\u00eda: <strong>\u00abS<em>e pudo empezar y terminar el circuito positivamente, la verdad muy contentos much\u00edsimo publico, mas de un mes de trabajo en esto, siempre venimos peleando otra fecha lo venimos reclamando y la verdad que con lo que se vio hoy estamos en condiciones<\/em>\u00ab, <\/strong>A\u00f1adi\u00f3 Sebasti\u00e1n Rosso.<\/span><\/p>\n<p><span style=\"color: #000000;\">Por otro lado el Asesor en Gesti\u00f3n Deportiva de la Direcci\u00f3n de Deportes (Marcos Villa) expres\u00f3 lo siguiente: <strong>\u00ab<em>Estamos contentos con la cantidad de gente que acompa\u00f1a las Tradicionales, eso es muy importante y tambi\u00e9n los pilotos quedaron conformes con el circuito. Se estuvo trabajando mucho para dejarlo en condiciones, asique el balance general es m\u00e1s que positivo<\/em>\u00ab.<\/strong><\/span><\/p>\n<h4><span style=\"color: #000000;\"><strong>Los podios se completaron de la siguiente forma:<\/strong><\/span><\/h4>\n<p><strong><span style=\"color: #000000;\">Cat. 850<\/span><\/strong><br \/>\n<span style=\"color: #000000;\">1ro Juan Oliva<\/span><br \/>\n<span style=\"color: #000000;\">2do Omar Comisi\u00f3n<\/span><br \/>\n<span style=\"color: #000000;\">3ro Juan Adrover<\/span><\/p>\n<p><strong><span style=\"color: #000000;\">Cat. 1100<\/span><\/strong><br \/>\n<span style=\"color: #000000;\">1ro Germ\u00e1n Mansur<\/span><br \/>\n<span style=\"color: #000000;\">2do Sebasti\u00e1n Carnoso<\/span><br \/>\n<span style=\"color: #000000;\">3ro Santiago York<\/span><\/p>\n<p><strong><span style=\"color: #000000;\">Cat. Monomarca Fiat<\/span><\/strong><br \/>\n<span style=\"color: #000000;\">1ro octavio sangrandi<\/span><br \/>\n<span style=\"color: #000000;\">2do lucas fransece<\/span><br \/>\n<span style=\"color: #000000;\">3ro juan Pablo fam\u00e1<\/span><\/p>\n<p><strong><span style=\"color: #000000;\">Cat. Tc Junior<\/span><\/strong><br \/>\n<span style=\"color: #000000;\">1ro Javier Fam\u00e1<\/span><br \/>\n<span style=\"color: #000000;\">2do Anibal Videla<\/span><br \/>\n<span style=\"color: #000000;\">3ro Sergio Samito<\/span><\/p>\n<p><strong><span style=\"color: #000000;\">Cat. Sport 4<\/span><\/strong><br \/>\n<span style=\"color: #000000;\">1ro Marcos Aguas<\/span><br \/>\n<span style=\"color: #000000;\">2do Fabrizio Videla<\/span><br \/>\n<span style=\"color: #000000;\">3ro Gaston Vida<\/span><\/p>\n<h6><span style=\"color: #000000;\"><strong>Ludmila Lucero<\/strong><\/span><\/h6>\n","protected":false},"excerpt":{"rendered":"<p>Muchas familias alvearenses acompa\u00f1aron con su presencia las Carreras Tradicionales en el Aut\u00f3dromo Kart\u00f3dromo municipal V\u00edctor Garc\u00eda. El presidente de AAKA &#8230;<\/p>\n","protected":false},"author":7,"featured_media":111292,"comment_status":"open","ping_status":"open","sticky":false,"template":"","format":"standard","meta":{"footnotes":""},"categories":[5,3],"tags":[],"class_list":["post-111278","post","type-post","status-publish","format-standard","has-post-thumbnail","hentry","category-actualidad","category-deportes"],"_links":{"self":[{"href":"https:\/\/vinasfm.com\/noticias\/wp-json\/wp\/v2\/posts\/111278","targetHints":{"allow":["GET"]}}],"collection":[{"href":"https:\/\/vinasfm.com\/noticias\/wp-json\/wp\/v2\/posts"}],"about":[{"href":"https:\/\/vinasfm.com\/noticias\/wp-json\/wp\/v2\/types\/post"}],"author":[{"embeddable":true,"href":"https:\/\/vinasfm.com\/noticias\/wp-json\/wp\/v2\/users\/7"}],"replies":[{"embeddable":true,"href":"https:\/\/vinasfm.com\/noticias\/wp-json\/wp\/v2\/comments?post=111278"}],"version-history":[{"count":3,"href":"https:\/\/vinasfm.com\/noticias\/wp-json\/wp\/v2\/posts\/111278\/revisions"}],"predecessor-version":[{"id":111301,"href":"https:\/\/vinasfm.com\/noticias\/wp-json\/wp\/v2\/posts\/111278\/revisions\/111301"}],"wp:featuredmedia":[{"embeddable":true,"href":"https:\/\/vinasfm.com\/noticias\/wp-json\/wp\/v2\/media\/111292"}],"wp:attachment":[{"href":"https:\/\/vinasfm.com\/noticias\/wp-json\/wp\/v2\/media?parent=111278"}],"wp:term":[{"taxonomy":"category","embeddable":true,"href":"https:\/\/vinasfm.com\/noticias\/wp-json\/wp\/v2\/categories?post=111278"},{"taxonomy":"post_tag","embeddable":true,"href":"https:\/\/vinasfm.com\/noticias\/wp-json\/wp\/v2\/tags?post=111278"}],"curies":[{"name":"wp","href":"https:\/\/api.w.org\/{rel}","templated":true}]}}