{"id":111221,"date":"2022-07-23T23:59:39","date_gmt":"2022-07-24T02:59:39","guid":{"rendered":"http:\/\/vinasfm.com\/noticias\/?p=111221"},"modified":"2022-07-25T11:51:56","modified_gmt":"2022-07-25T14:51:56","slug":"ate-sute-y-ampros-anunciaron-medidas-de-fuerza-en-rechazo-a-la-oferta-del-gobierno-de-mendoza","status":"publish","type":"post","link":"https:\/\/vinasfm.com\/noticias\/ate-sute-y-ampros-anunciaron-medidas-de-fuerza-en-rechazo-a-la-oferta-del-gobierno-de-mendoza\/","title":{"rendered":"ATE, SUTE Y AMPROS ANUNCIARON MEDIDAS DE FUERZA EN RECHAZO A LA OFERTA DEL GOBIERNO DE MENDOZA"},"content":{"rendered":"<h4><span style=\"color: #000000;\"><strong>Este jueves se desarroll\u00f3 la primera jornada de la reapertura paritaria convocada por el Gobierno de Mendoza para los estatales y como resultado ni el Sindicato Unido de Trabajadores de la Educaci\u00f3n (SUTE) ni la Asociaci\u00f3n de Trabajadores del Estado (ATE) ni la Asociaci\u00f3n Mendocina de Profesionales de la Salud (AMPROS) quedaron conformes con lo conversado en las mesas de di\u00e1logo por lo que anunciaron medidas de fuerza.<\/strong><\/span><\/h4>\n<p><span style=\"color: #000000;\"><span style=\"color: #000000;\">&#8216;<\/span><strong style=\"color: #000000;\"><em>Fue una movilizaci\u00f3n de cerca de 5 mil trabajadores que marchamos desde el Nudo Vial hasta el Centro de Congresos y Exposiciones<\/em><\/strong><span style=\"color: #000000;\">&#8216;, coment\u00f3 en di\u00e1logo con <\/span><em style=\"color: #000000;\">F.M. Vi\u00f1as<\/em><span style=\"color: #000000;\"> la <\/span><strong style=\"color: #000000;\">Secretaria Gremial de ATE Alvear, Valeria <\/strong><span style=\"color: #000000;\"><b>Olgu\u00edn<\/b>. En la misma l\u00ednea se\u00f1al\u00f3 que al llegar al lugar donde se reunir\u00edan con el cuerpo paritario &#8216;<\/span><strong style=\"color: #000000;\"><em>un grupo de sindicalistas intentaron obstruir nuestro ingreso a la audiencia y hubieron incidentes pese a que todos vamos a pelear por el salario<\/em><\/strong><span style=\"color: #000000;\">&#8216;, subray\u00f3.<\/span><\/span><\/p>\n<div id=\"attachment_111235\" style=\"width: 281px\" class=\"wp-caption alignleft\"><a href=\"http:\/\/vinasfm.com\/noticias\/wp-content\/uploads\/2022\/07\/e4022d21-ed10-4b2a-86f7-0a00dd0129c6-e1658495853772.jpg\"><img loading=\"lazy\" decoding=\"async\" aria-describedby=\"caption-attachment-111235\" class=\"wp-image-111235 size-medium\" src=\"http:\/\/vinasfm.com\/noticias\/wp-content\/uploads\/2022\/07\/e4022d21-ed10-4b2a-86f7-0a00dd0129c6-e1658495853772-281x300.jpg\" alt=\"\" width=\"281\" height=\"300\" srcset=\"https:\/\/vinasfm.com\/noticias\/wp-content\/uploads\/2022\/07\/e4022d21-ed10-4b2a-86f7-0a00dd0129c6-e1658495853772-281x300.jpg 281w, https:\/\/vinasfm.com\/noticias\/wp-content\/uploads\/2022\/07\/e4022d21-ed10-4b2a-86f7-0a00dd0129c6-e1658495853772.jpg 760w\" sizes=\"auto, (max-width: 281px) 100vw, 281px\" \/><\/a><p id=\"caption-attachment-111235\" class=\"wp-caption-text\">ATE se moviliz\u00f3 desde el Nudo Vial hasta el Centro de Congresos y Exposiciones.<\/p><\/div>\n<p><span style=\"color: #000000;\">Respecto a algunos <strong>forcejeos y agresiones<\/strong>, aunque todav\u00eda no est\u00e1 del todo claro qu\u00e9 sucedi\u00f3, Olgu\u00edn afirm\u00f3 ser v\u00edctima de estos sujetos que &#8216;<em><b>me golpearon al igual que a una compa\u00f1era y lamentablemente esto desvirt\u00faa\u00a0todo pero seguiremos defendiendo el pedido de los trabajadores<\/b><\/em>&#8216;.<\/span><\/p>\n<p><span style=\"color: #000000;\">Consultada sobre la oferta que hicieron los representantes del gobierno mendocino, la referente gremial sostuvo: &#8216;<em><strong>Ofrecieron lo que el gobernador Su\u00e1rez hab\u00eda adelantado en los medios de comunicaci\u00f3n.<\/strong> <strong>Quieren adicionarnos 7% al mes de agosto, totalizando para dicho mes un incremento de 12 % sobre el b\u00e1sico vigente al 31 de diciembre de 2021. Est\u00e1 muy lejos de los salarios y de la realidad que estamos viviendo<\/strong><\/em>&#8216;.<\/span><\/p>\n<p><span style=\"color: #000000;\">&#8216;<strong><em>Solicitamos $40.000 que nosotros pedimos, nos ofrecieron $4.500 menos un descuento del 21%. Eso fue rechazado claramente porque necesitamos la voluntad pol\u00edtica del gobierno de Mendoza porque pedimos para llegar a fin de mes<\/em><\/strong>&#8216;, agreg\u00f3.<\/span><\/p>\n<p><span style=\"color: #000000;\">Desde el Ejecutivo provincial argumentaron que <strong>entienden la situaci\u00f3n<\/strong>\u00a0pero est\u00e1n obligados a<strong>\u00a0cuidar las cuentas p\u00fablicas<\/strong>\u00a0en pos de la previsibilidad y optaron por un\u00a0<strong>perfil mesurado<\/strong>\u00a0ante la serie de encuentros que continuar\u00e1 en las pr\u00f3ximas jornadas y\u00a0<strong>cuyas fechas fueron reprogramadas.<\/strong><\/span><\/p>\n<p><span style=\"color: #000000;\">SUTE, Ampros y ATE rechazaron la primera propuesta por lo que en consecuencia anunciaron distintas medidas de fuerza directas: &#8216;<em style=\"font-weight: bold;\">SUTE ratific\u00f3 el paro de 48 horas\u00a0convocado para los d\u00edas\u00a0<\/em><em><b>26 y 27 de julio, \u00a0Ampros hizo lo propio\u00a0para el 27 y el 28 y\u00a0ATE anunci\u00f3 cortes de ruta intermitentes e informativos en alguno lugares. Adem\u00e1s continuar\u00e1n las retenciones de servicio hasta que el gobierno comprenda que lo pedido es l\u00f3gico&#8217;,\u00a0<\/b><\/em>estableci\u00f3.<\/span><\/p>\n<p><a href=\"http:\/\/vinasfm.com\/noticias\/wp-content\/uploads\/2022\/07\/b34bb680-78d0-4984-9b8f-2d40117a55fe.jpg\"><img loading=\"lazy\" decoding=\"async\" class=\" wp-image-111236 aligncenter\" src=\"http:\/\/vinasfm.com\/noticias\/wp-content\/uploads\/2022\/07\/b34bb680-78d0-4984-9b8f-2d40117a55fe-300x169.jpg\" alt=\"\" width=\"614\" height=\"346\" srcset=\"https:\/\/vinasfm.com\/noticias\/wp-content\/uploads\/2022\/07\/b34bb680-78d0-4984-9b8f-2d40117a55fe-300x169.jpg 300w, https:\/\/vinasfm.com\/noticias\/wp-content\/uploads\/2022\/07\/b34bb680-78d0-4984-9b8f-2d40117a55fe-1024x576.jpg 1024w, https:\/\/vinasfm.com\/noticias\/wp-content\/uploads\/2022\/07\/b34bb680-78d0-4984-9b8f-2d40117a55fe-768x432.jpg 768w, https:\/\/vinasfm.com\/noticias\/wp-content\/uploads\/2022\/07\/b34bb680-78d0-4984-9b8f-2d40117a55fe-1536x864.jpg 1536w, https:\/\/vinasfm.com\/noticias\/wp-content\/uploads\/2022\/07\/b34bb680-78d0-4984-9b8f-2d40117a55fe-1140x641.jpg 1140w, https:\/\/vinasfm.com\/noticias\/wp-content\/uploads\/2022\/07\/b34bb680-78d0-4984-9b8f-2d40117a55fe.jpg 1600w\" sizes=\"auto, (max-width: 614px) 100vw, 614px\" \/><\/a><\/p>\n","protected":false},"excerpt":{"rendered":"<p>Este jueves se desarroll\u00f3 la primera jornada de la reapertura paritaria convocada por el Gobierno de Mendoza para los estatales y &#8230;<\/p>\n","protected":false},"author":8,"featured_media":111229,"comment_status":"open","ping_status":"open","sticky":false,"template":"","format":"standard","meta":{"footnotes":""},"categories":[5,10],"tags":[],"class_list":["post-111221","post","type-post","status-publish","format-standard","has-post-thumbnail","hentry","category-actualidad","category-destacadas"],"_links":{"self":[{"href":"https:\/\/vinasfm.com\/noticias\/wp-json\/wp\/v2\/posts\/111221","targetHints":{"allow":["GET"]}}],"collection":[{"href":"https:\/\/vinasfm.com\/noticias\/wp-json\/wp\/v2\/posts"}],"about":[{"href":"https:\/\/vinasfm.com\/noticias\/wp-json\/wp\/v2\/types\/post"}],"author":[{"embeddable":true,"href":"https:\/\/vinasfm.com\/noticias\/wp-json\/wp\/v2\/users\/8"}],"replies":[{"embeddable":true,"href":"https:\/\/vinasfm.com\/noticias\/wp-json\/wp\/v2\/comments?post=111221"}],"version-history":[{"count":5,"href":"https:\/\/vinasfm.com\/noticias\/wp-json\/wp\/v2\/posts\/111221\/revisions"}],"predecessor-version":[{"id":111238,"href":"https:\/\/vinasfm.com\/noticias\/wp-json\/wp\/v2\/posts\/111221\/revisions\/111238"}],"wp:featuredmedia":[{"embeddable":true,"href":"https:\/\/vinasfm.com\/noticias\/wp-json\/wp\/v2\/media\/111229"}],"wp:attachment":[{"href":"https:\/\/vinasfm.com\/noticias\/wp-json\/wp\/v2\/media?parent=111221"}],"wp:term":[{"taxonomy":"category","embeddable":true,"href":"https:\/\/vinasfm.com\/noticias\/wp-json\/wp\/v2\/categories?post=111221"},{"taxonomy":"post_tag","embeddable":true,"href":"https:\/\/vinasfm.com\/noticias\/wp-json\/wp\/v2\/tags?post=111221"}],"curies":[{"name":"wp","href":"https:\/\/api.w.org\/{rel}","templated":true}]}}