{"id":111214,"date":"2022-07-23T23:24:34","date_gmt":"2022-07-24T02:24:34","guid":{"rendered":"http:\/\/vinasfm.com\/noticias\/?p=111214"},"modified":"2022-07-25T10:34:40","modified_gmt":"2022-07-25T13:34:40","slug":"compactaran-170-autos-y-1150-motos-secuestrados-en-la-playa-policial-de-alvear","status":"publish","type":"post","link":"https:\/\/vinasfm.com\/noticias\/compactaran-170-autos-y-1150-motos-secuestrados-en-la-playa-policial-de-alvear\/","title":{"rendered":"COMPACTAR\u00c1N 170 AUTOS Y 1150 MOTOS SECUESTRADOS EN LA PLAYA POLICIAL DE ALVEAR"},"content":{"rendered":"<h4><span style=\"color: #000000;\"><span style=\"color: #000000;\"><strong><span style=\"color: #000000;\">En el a\u00f1o 2020 se present\u00f3 un proyecto solicitando la compactaci\u00f3n de los veh\u00edculos de la playa de secuestro San Ignacio de General Alvear. La iniciativa fue del Concejal por la UCR Jos\u00e9 Mor\u00e1n, quien explic\u00f3 en qu\u00e9 consiste el proceso de compactaci\u00f3n y avizora que a fin de a\u00f1o se completar\u00eda\u00a0la compactaci\u00f3n\u00a0de m\u00e1s 1300 veh\u00edculos<\/span><\/strong>.<\/span><\/span><\/h4>\n<p><span style=\"color: #000000;\">Fue en noviembre del a\u00f1o 2020 cuando se aprob\u00f3 este proyecto donde solicita la compactaci\u00f3n de motos y autos que se encuentran en la Playa San Ignacio Loyola de General Alvear, con el fin de reutilizar estos materiales y hacer una limpieza de la misma para mayor seguridad, se trabaja en base a la ley de seguridad vial Ley 9024 de la Provincia de Mendoza y sus art\u00edculos 131, art. 132, art. 133 y art. 134.<\/span><\/p>\n<p><span style=\"color: #000000;\">&#8216;<strong><em>Se solicita la compactaci\u00f3n porque hay una gran cantidad de veh\u00edculos que hoy se encuentran en mal estado ocupando lugar, tambi\u00e9n esos residuos y combustible que tiene cada veh\u00edculo resultan peligrosos y si bien la playa est\u00e1 cerrada en todo su contorno se pueden producir hechos de vandalismo, se producto de alg\u00fan hecho de inseguridad<\/em><\/strong>&#8216;, sostuvo en di\u00e1logo con F.M. VI\u00d1AS, <strong>Jos\u00e9 Mor\u00e1n, Concejal por la UCR.<\/strong><\/span><\/p>\n<p><span style=\"color: #000000;\">Luego de generar un expediente con el detalle de los veh\u00edculos, fotos y su estado, pasando los seis meses dentro de la playa, se determina el deterioro puede llegar a ser compactado. <em><strong>&#8216;Se llama a licitaci\u00f3n a las empresas que hacen la compactaci\u00f3n de los veh\u00edculos y se transforman en chatarra se hacen unos cubos de chatarra de acero que despu\u00e9s se lo venden a las industria se le devuelve el dinero al estado y se vuelve a la playa para su mantenimiento&#8217;,<\/strong><\/em> manifest\u00f3 Mor\u00e1n.\u00a0<\/span><\/p>\n<p><span style=\"color: #000000;\">\u2022C.F.<\/span><\/p>\n","protected":false},"excerpt":{"rendered":"<p>En el a\u00f1o 2020 se present\u00f3 un proyecto solicitando la compactaci\u00f3n de los veh\u00edculos de la playa de secuestro San Ignacio &#8230;<\/p>\n","protected":false},"author":7,"featured_media":111240,"comment_status":"open","ping_status":"open","sticky":false,"template":"","format":"standard","meta":{"footnotes":""},"categories":[5,10],"tags":[],"class_list":["post-111214","post","type-post","status-publish","format-standard","has-post-thumbnail","hentry","category-actualidad","category-destacadas"],"_links":{"self":[{"href":"https:\/\/vinasfm.com\/noticias\/wp-json\/wp\/v2\/posts\/111214","targetHints":{"allow":["GET"]}}],"collection":[{"href":"https:\/\/vinasfm.com\/noticias\/wp-json\/wp\/v2\/posts"}],"about":[{"href":"https:\/\/vinasfm.com\/noticias\/wp-json\/wp\/v2\/types\/post"}],"author":[{"embeddable":true,"href":"https:\/\/vinasfm.com\/noticias\/wp-json\/wp\/v2\/users\/7"}],"replies":[{"embeddable":true,"href":"https:\/\/vinasfm.com\/noticias\/wp-json\/wp\/v2\/comments?post=111214"}],"version-history":[{"count":5,"href":"https:\/\/vinasfm.com\/noticias\/wp-json\/wp\/v2\/posts\/111214\/revisions"}],"predecessor-version":[{"id":111250,"href":"https:\/\/vinasfm.com\/noticias\/wp-json\/wp\/v2\/posts\/111214\/revisions\/111250"}],"wp:featuredmedia":[{"embeddable":true,"href":"https:\/\/vinasfm.com\/noticias\/wp-json\/wp\/v2\/media\/111240"}],"wp:attachment":[{"href":"https:\/\/vinasfm.com\/noticias\/wp-json\/wp\/v2\/media?parent=111214"}],"wp:term":[{"taxonomy":"category","embeddable":true,"href":"https:\/\/vinasfm.com\/noticias\/wp-json\/wp\/v2\/categories?post=111214"},{"taxonomy":"post_tag","embeddable":true,"href":"https:\/\/vinasfm.com\/noticias\/wp-json\/wp\/v2\/tags?post=111214"}],"curies":[{"name":"wp","href":"https:\/\/api.w.org\/{rel}","templated":true}]}}