{"id":111211,"date":"2022-07-23T00:38:21","date_gmt":"2022-07-23T03:38:21","guid":{"rendered":"http:\/\/vinasfm.com\/noticias\/?p=111211"},"modified":"2022-07-25T09:41:06","modified_gmt":"2022-07-25T12:41:06","slug":"luego-de-la-obtencion-nacional-de-la-ley-oncopediatrica-se-espera-su-reglamentacion","status":"publish","type":"post","link":"https:\/\/vinasfm.com\/noticias\/luego-de-la-obtencion-nacional-de-la-ley-oncopediatrica-se-espera-su-reglamentacion\/","title":{"rendered":"LUEGO DE LA PROMULGACI\u00d3N, LA LEY ONCOPEDI\u00c1TRICA VA CAMINO A SU REGLAMENTACI\u00d3N"},"content":{"rendered":"<h4><span style=\"color: #000000;\"><strong>El pasado 30 de junio se obtuvo la sanci\u00f3n restante para la obtenci\u00f3n de la Ley Nacional Oncopediatrica.<\/strong><\/span><\/h4>\n<p><span style=\"color: #000000;\">Para poder reglamentar esta ley se debe esperar entre 8 o 10 d\u00edas h\u00e1biles, actualmente se est\u00e1 tratando que las dem\u00e1s provincias del pa\u00eds se adhieran a esta ley nacional para que todos los ni\u00f1os tengan las mismas condiciones e igualdad.<\/span><\/p>\n<p><span style=\"color: #000000;\">Obtuvimos la palabra de Gisela Bello una de las principales referente sobre este proyecto<strong> \u201cEstamos tratando de reunirnos con el Instituto Nacional del C\u00e1ncer y con ROA para coordinar como va a hacer la entrega de las credenciales oncol\u00f3gicas de cada ni\u00f1o, estamos esperando a que se terminen los 8 o 10 d\u00edas para reglamentarla\u201d<\/strong> Adem\u00e1s recalco un pedido que le hicieron al Poder Ejecutivo <strong>\u201cLe pedimos estar ah\u00ed para que esta ley sea tal cual nosotros la necesitamos, estamos trabajando con los legisladores de cada provincia\u201d<\/strong> enfatiz\u00f3 en dialogo con FM VI\u00d1AS.<\/span><\/p>\n<p><span style=\"color: #000000;\">A trav\u00e9s de un decreto se desarrolla una adhesi\u00f3n para que cada ni\u00f1o que viaje desde la provincia de Mendoza a Buenos Aires tenga las mismas condiciones que cualquier ni\u00f1o de otro lado <strong>\u201cCada pap\u00e1 tendr\u00e1 una credencial emitida por el Instituto Nacional del C\u00e1ncer en coordinaci\u00f3n con ROA para que puedan acceder a todos los beneficios que ofrece esta ley\u201d<\/strong> destac\u00f3 Gisela Bello<\/span><\/p>\n<h6><span style=\"color: #000000;\"><strong>Ludmila Lucero<\/strong><\/span><\/h6>\n","protected":false},"excerpt":{"rendered":"<p>El pasado 30 de junio se obtuvo la sanci\u00f3n restante para la obtenci\u00f3n de la Ley Nacional Oncopediatrica. Para poder reglamentar &#8230;<\/p>\n","protected":false},"author":7,"featured_media":82002,"comment_status":"open","ping_status":"open","sticky":false,"template":"","format":"standard","meta":{"footnotes":""},"categories":[5,15],"tags":[],"class_list":["post-111211","post","type-post","status-publish","format-standard","has-post-thumbnail","hentry","category-actualidad","category-salud"],"_links":{"self":[{"href":"https:\/\/vinasfm.com\/noticias\/wp-json\/wp\/v2\/posts\/111211","targetHints":{"allow":["GET"]}}],"collection":[{"href":"https:\/\/vinasfm.com\/noticias\/wp-json\/wp\/v2\/posts"}],"about":[{"href":"https:\/\/vinasfm.com\/noticias\/wp-json\/wp\/v2\/types\/post"}],"author":[{"embeddable":true,"href":"https:\/\/vinasfm.com\/noticias\/wp-json\/wp\/v2\/users\/7"}],"replies":[{"embeddable":true,"href":"https:\/\/vinasfm.com\/noticias\/wp-json\/wp\/v2\/comments?post=111211"}],"version-history":[{"count":3,"href":"https:\/\/vinasfm.com\/noticias\/wp-json\/wp\/v2\/posts\/111211\/revisions"}],"predecessor-version":[{"id":111218,"href":"https:\/\/vinasfm.com\/noticias\/wp-json\/wp\/v2\/posts\/111211\/revisions\/111218"}],"wp:featuredmedia":[{"embeddable":true,"href":"https:\/\/vinasfm.com\/noticias\/wp-json\/wp\/v2\/media\/82002"}],"wp:attachment":[{"href":"https:\/\/vinasfm.com\/noticias\/wp-json\/wp\/v2\/media?parent=111211"}],"wp:term":[{"taxonomy":"category","embeddable":true,"href":"https:\/\/vinasfm.com\/noticias\/wp-json\/wp\/v2\/categories?post=111211"},{"taxonomy":"post_tag","embeddable":true,"href":"https:\/\/vinasfm.com\/noticias\/wp-json\/wp\/v2\/tags?post=111211"}],"curies":[{"name":"wp","href":"https:\/\/api.w.org\/{rel}","templated":true}]}}