{"id":111181,"date":"2022-07-27T10:01:50","date_gmt":"2022-07-27T13:01:50","guid":{"rendered":"http:\/\/vinasfm.com\/noticias\/?p=111181"},"modified":"2022-07-28T10:38:05","modified_gmt":"2022-07-28T13:38:05","slug":"el-presbitero-horacio-valdivia-es-el-nuevo-vicario-general-de-la-diocesis-de-san-rafael","status":"publish","type":"post","link":"https:\/\/vinasfm.com\/noticias\/el-presbitero-horacio-valdivia-es-el-nuevo-vicario-general-de-la-diocesis-de-san-rafael\/","title":{"rendered":"EL PRESB\u00cdTERO HORACIO VALDIVIA ES EL NUEVO VICARIO GENERAL DE LA DI\u00d3CESIS DE SAN RAFAEL"},"content":{"rendered":"<h4><span style=\"color: #000000;\"><strong>El Pbro. Horacio Andr\u00e9s Valdivia ha sido designado como Nuevo Vicario general de la Di\u00f3cesis de San Rafael este 19 de julio. Har\u00e1 su Profesi\u00f3n de Fe y Juramento de Fidelidad, el mi\u00e9rcoles 27 de julio, en la Santa Misa presidida por Mons. Fr. Carlos Mar\u00eda Dom\u00ednguez, en la iglesia parroquial del Sagrado Coraz\u00f3n de Jes\u00fas, de Gral. Alvear.<\/strong><\/span><\/h4>\n<p><span style=\"color: #000000;\">Pbro. Horacio Andr\u00e9s Valdivia, nacido en el a\u00f1o 1973 en la ciudad de Luj\u00e1n de Cuyo, Mendoza, estudi\u00f3 en el seminario Diocesano Santa Mar\u00eda Madre de Dios de San Rafael, fue ordenado di\u00e1cono el 7 de diciembre de 1999 y como sacerdote el 2 de diciembre del 2000.<\/span><\/p>\n<p><span style=\"color: #000000;\">Se desempe\u00f1\u00f3 como docente en el Seminario Diocesano, entre los a\u00f1os 2004-2010 y en el Nivel Superior del Instituto San Antonio (ISA) de General Alvear, donde actualmente es Capell\u00e1n General. Ejerci\u00f3 el ministerio como Vicario parroquial en las parroquias San Jos\u00e9 y San Pedro Ap\u00f3stol de San Rafael.<\/span><\/p>\n<p><span style=\"color: #000000;\">Desarroll\u00f3 su actividad como p\u00e1rroco en Nuestra Se\u00f1ora de F\u00e1tima de General Alvear en el periodo 2008-2014 y desde entonces en Sagrado Coraz\u00f3n de Jes\u00fas del mismo departamento. Miembro del Consejo Presbiteral desde 2017 y del Colegio de Consultores Diocesanos desde 2021.<\/span><\/p>\n<p><span style=\"color: #000000;\">Designado por Mons. Eduardo M. Taussig Vicario Episcopal del Departamento de General Alvear en mayo de 2020, cargo que dej\u00f3 de ejercer con la sede vacante. Posee un Diplomado en Comunicaci\u00f3n de la Iglesia por la Universidad Cat\u00f3lica de Cuyo.<\/span><\/p>\n","protected":false},"excerpt":{"rendered":"<p>El Pbro. Horacio Andr\u00e9s Valdivia ha sido designado como Nuevo Vicario general de la Di\u00f3cesis de San Rafael este 19 de &#8230;<\/p>\n","protected":false},"author":8,"featured_media":111183,"comment_status":"open","ping_status":"open","sticky":false,"template":"","format":"standard","meta":{"footnotes":""},"categories":[5,63],"tags":[],"class_list":["post-111181","post","type-post","status-publish","format-standard","has-post-thumbnail","hentry","category-actualidad","category-iglesia"],"_links":{"self":[{"href":"https:\/\/vinasfm.com\/noticias\/wp-json\/wp\/v2\/posts\/111181","targetHints":{"allow":["GET"]}}],"collection":[{"href":"https:\/\/vinasfm.com\/noticias\/wp-json\/wp\/v2\/posts"}],"about":[{"href":"https:\/\/vinasfm.com\/noticias\/wp-json\/wp\/v2\/types\/post"}],"author":[{"embeddable":true,"href":"https:\/\/vinasfm.com\/noticias\/wp-json\/wp\/v2\/users\/8"}],"replies":[{"embeddable":true,"href":"https:\/\/vinasfm.com\/noticias\/wp-json\/wp\/v2\/comments?post=111181"}],"version-history":[{"count":6,"href":"https:\/\/vinasfm.com\/noticias\/wp-json\/wp\/v2\/posts\/111181\/revisions"}],"predecessor-version":[{"id":111477,"href":"https:\/\/vinasfm.com\/noticias\/wp-json\/wp\/v2\/posts\/111181\/revisions\/111477"}],"wp:featuredmedia":[{"embeddable":true,"href":"https:\/\/vinasfm.com\/noticias\/wp-json\/wp\/v2\/media\/111183"}],"wp:attachment":[{"href":"https:\/\/vinasfm.com\/noticias\/wp-json\/wp\/v2\/media?parent=111181"}],"wp:term":[{"taxonomy":"category","embeddable":true,"href":"https:\/\/vinasfm.com\/noticias\/wp-json\/wp\/v2\/categories?post=111181"},{"taxonomy":"post_tag","embeddable":true,"href":"https:\/\/vinasfm.com\/noticias\/wp-json\/wp\/v2\/tags?post=111181"}],"curies":[{"name":"wp","href":"https:\/\/api.w.org\/{rel}","templated":true}]}}