{"id":111168,"date":"2022-07-22T23:59:55","date_gmt":"2022-07-23T02:59:55","guid":{"rendered":"http:\/\/vinasfm.com\/noticias\/?p=111168"},"modified":"2022-07-25T08:52:20","modified_gmt":"2022-07-25T11:52:20","slug":"mas-de-600-personas-son-beneficiadas-por-el-programa-de-carne-de-cerdo-con-fines-sociales","status":"publish","type":"post","link":"https:\/\/vinasfm.com\/noticias\/mas-de-600-personas-son-beneficiadas-por-el-programa-de-carne-de-cerdo-con-fines-sociales\/","title":{"rendered":"M\u00c1S DE 600 PERSONAS SON BENEFICIADAS POR EL PROGRAMA DE CARNE DE CERDO CON FINES SOCIALES"},"content":{"rendered":"<h4><span style=\"color: #000000;\"><strong>En la ma\u00f1ana de este mi\u00e9rcoles se realiz\u00f3 la firma de convenios entre la Municipalidad, seis productores porcinos, Merenderos y el Gobierno de Mendoza por tres millones de pesos, correspondientes al Programa de fortalecimiento de la producci\u00f3n porcina con fines sociales. Tambi\u00e9n se firmaron Actas Acuerdo entre el Municipio, 12 merenderos y comedores de nuestro Departamento, beneficiarios del programa.<\/strong><\/span><\/h4>\n<p><span style=\"color: #000000;\">Durante la firma de convenios estuvieron presentes el Subsecretario de Desarrollo Social Alejandro Ver\u00f3n, el Intendente Walther Marcolini y el Secretario de Desarrollo y Promoci\u00f3n Departamental Carlos Ponce. <\/span><\/p>\n<p><span style=\"color: #000000;\">El Jefe Comunal destac\u00f3 la importancia de este programa que ofrece un gran beneficio, tanto para los productores como para aquellos que reciben los productos en contraprestaci\u00f3n: \u201c<strong><em>Es un impacto directo porque promueve el fortalecimiento de los micro emprendimientos y nos da la posibilidad de desarrollar una cadena de la industria c\u00e1rnica porcina, a la vez que ponemos prote\u00ednas de calidad en los merenderos, todo controlado por el Matadero Municipal y bromatolog\u00eda, generando un c\u00edrculo virtuoso y una respuesta directa a las necesidades de los vecinos<\/em><\/strong>\u201d.<\/span><\/p>\n<p><span style=\"color: #000000;\">Por su parte, Alejandro Ver\u00f3n, Subsecretario de Desarrollo Social, expres\u00f3: \u201c<strong><em>Los fondos se transfieren directamente a los productores, de esta forma comenzamos la segunda etapa de este proyecto que naci\u00f3 en General Alvear y que replicamos en otros puntos de la Provincia con otras econom\u00edas regionales<\/em><\/strong>\u201d. El funcionario destac\u00f3 que con este programa se beneficia a 600 ni\u00f1os, y este a\u00f1o se suma al hospital Enfermeros Argentinos para un monitoreo integral de estos 600 chicos.<\/span><\/p>\n<p><span style=\"color: #000000;\">Asimismo el Secretario de Desarrollo y Promoci\u00f3n Carlos Ponce dio m\u00e1s detalles acerca de este convenio con seis productores porcinos que abastecer\u00e1n el Programa de Carne con Fines Sociales de Cerdo: \u201c<strong><em>En la primera edici\u00f3n hubo un aporte por parte de la Provincia de un mill\u00f3n y medio de pesos, lo que fue un equivalente de 14.500 kilos de carne que fueron repartidos en los merenderos. Hoy estamos con una cantidad de 5.500 kilos de carne entregada, que se transforman en raciones, con el primer programa se termina con siete mil kilos de carne en pie y con este nuevo programa que son tres millones de pesos, se firmar\u00e1 un acta acuerdo con 12 merenderos que atienden 640 raciones semanales que atender, y nosotros comprometemos 12500 kilos de carne en pie que los productores van a devolver con este financiamiento que est\u00e1n tomando<\/em><\/strong>\u201d.<\/span><\/p>\n<p><span style=\"color: #000000;\">Entre los seis productores que accedieron a este programa se encuentra Juen Carlos Garc\u00eda, quien dijo: \u201c<strong><em>Este es un dinero que nos entregan y nosotros producimos capones para entregar a los merenderos. Este programa ha dado un muy buen resultado y por eso se sigue apostando a la producci\u00f3n porcina, en nuestro caso vamos a comprar una mezcladora y traer algunos reproductores h\u00edbridos<\/em><\/strong>\u201d.<\/span><\/p>\n<p><span style=\"color: #000000;\">Los merenderos beneficiados por este programa no dudaron en mostrar su alegr\u00eda, ya que les permite llevar prote\u00ednas a la mesa diaria, siendo los principales destinatarios los ni\u00f1os. As\u00ed lo reflej\u00f3 Liliana Sosa, del Comedor de Iglesia Revelaci\u00f3n Siglo 21, ubicado en el Barrio Matadero: \u201c<strong><em>Estamos renovando el contrato por la carne de cerdo para el comedor. Es una bendici\u00f3n ya que nos hace mucha falta, tenemos alrededor de 80 personas entre ni\u00f1os, madres y seguramente los pap\u00e1s tambi\u00e9n comer\u00e1n. En nuestro caso cada persona retira una porci\u00f3n de comida<\/em><\/strong>\u201d. <\/span><\/p>\n<p><span style=\"color: #000000;\">En la misma sinton\u00eda se mostr\u00f3 Rub\u00e9n Dar\u00edo Buchelo, del Comedor La Fe de Cristo, ubicado en Carmensa: \u201c<strong><em>Gracias a estos programas podemos ayudar a la gente. El objetivo no es solo dar un plato de comida, sino potenciar a la familia y a la persona. Atendemos a 65 personas, con ni\u00f1os desde los 3 a\u00f1os hasta los 10 a\u00f1os, adem\u00e1s de otros chicos m\u00e1s grandes<\/em><\/strong>\u201d.<\/span><\/p>\n","protected":false},"excerpt":{"rendered":"<p>En la ma\u00f1ana de este mi\u00e9rcoles se realiz\u00f3 la firma de convenios entre la Municipalidad, seis productores porcinos, Merenderos y el &#8230;<\/p>\n","protected":false},"author":8,"featured_media":111174,"comment_status":"open","ping_status":"open","sticky":false,"template":"","format":"standard","meta":{"footnotes":""},"categories":[5,10],"tags":[],"class_list":["post-111168","post","type-post","status-publish","format-standard","has-post-thumbnail","hentry","category-actualidad","category-destacadas"],"_links":{"self":[{"href":"https:\/\/vinasfm.com\/noticias\/wp-json\/wp\/v2\/posts\/111168","targetHints":{"allow":["GET"]}}],"collection":[{"href":"https:\/\/vinasfm.com\/noticias\/wp-json\/wp\/v2\/posts"}],"about":[{"href":"https:\/\/vinasfm.com\/noticias\/wp-json\/wp\/v2\/types\/post"}],"author":[{"embeddable":true,"href":"https:\/\/vinasfm.com\/noticias\/wp-json\/wp\/v2\/users\/8"}],"replies":[{"embeddable":true,"href":"https:\/\/vinasfm.com\/noticias\/wp-json\/wp\/v2\/comments?post=111168"}],"version-history":[{"count":1,"href":"https:\/\/vinasfm.com\/noticias\/wp-json\/wp\/v2\/posts\/111168\/revisions"}],"predecessor-version":[{"id":111175,"href":"https:\/\/vinasfm.com\/noticias\/wp-json\/wp\/v2\/posts\/111168\/revisions\/111175"}],"wp:featuredmedia":[{"embeddable":true,"href":"https:\/\/vinasfm.com\/noticias\/wp-json\/wp\/v2\/media\/111174"}],"wp:attachment":[{"href":"https:\/\/vinasfm.com\/noticias\/wp-json\/wp\/v2\/media?parent=111168"}],"wp:term":[{"taxonomy":"category","embeddable":true,"href":"https:\/\/vinasfm.com\/noticias\/wp-json\/wp\/v2\/categories?post=111168"},{"taxonomy":"post_tag","embeddable":true,"href":"https:\/\/vinasfm.com\/noticias\/wp-json\/wp\/v2\/tags?post=111168"}],"curies":[{"name":"wp","href":"https:\/\/api.w.org\/{rel}","templated":true}]}}