{"id":111062,"date":"2022-07-19T15:09:42","date_gmt":"2022-07-19T18:09:42","guid":{"rendered":"http:\/\/vinasfm.com\/noticias\/?p=111062"},"modified":"2022-07-21T09:04:45","modified_gmt":"2022-07-21T12:04:45","slug":"omar-de-marchi-cuestiono-las-politicas-desastrozas-del-kirchnerismo-rabioso","status":"publish","type":"post","link":"https:\/\/vinasfm.com\/noticias\/omar-de-marchi-cuestiono-las-politicas-desastrozas-del-kirchnerismo-rabioso\/","title":{"rendered":"OMAR DE MARCHI CUESTION\u00d3 LAS POL\u00cdTICAS &#8216;DESASTROZAS DEL KIRCHNERISMO RABIOSO&#8217;"},"content":{"rendered":"<h4><span style=\"color: #000000;\"><strong>El Diputado Nacional por Mendoza (JxC) Omar De Marchi critic\u00f3 las pol\u00edticas implementadas por el gobierno nacional a las que calific\u00f3 de &#8216;<em>clientelistas y populistas<\/em>&#8216; en detrimento de &#8216;<em>los argentinos que trabajan para sacar adelante al pa\u00eds<\/em>&#8216;. En la misma l\u00ednea apunt\u00f3 contra la militancia &#8216;<em>cristinista<\/em>&#8216; que aplaude el plan de la vicepresidente pese &#8216;<em>al desastre que generan<\/em>&#8216;.<\/strong><\/span><\/h4>\n<p><span style=\"color: #000000;\">En di\u00e1logo con F.M. Vi\u00f1as, el lujanino tild\u00f3 como innecesario el Programa Previaje, el cual seg\u00fan su punto de vista &#8216;<strong><em>se sostiene con los impuestos argentinos porque este festival de subsidios que hoy tiene la Argentina son a costo de m\u00e1s inflaci\u00f3n e impuestos<\/em><\/strong>&#8216;, y sostuvo que esto evidencia &#8216;<strong><em>la falta de rumbo del gobierno nacional. Estamos en presencia de un desgobierno, cada vez m\u00e1s evidente, chicaneando, cascoteado por las propias entra\u00f1as del gobierno de donde surgen los dardos m\u00e1s venenoso<\/em><\/strong>&#8216;.<\/span><\/p>\n<p><span style=\"color: #000000;\">&#8216;<strong><em>El kirchnerismo rabioso, que ama a cristina a un mostrando el desastre, es un grupo no supera el 10 o 15% porque el peronismo tradicional que han acompa\u00f1ado este gobierno en su momento se alej\u00f3 ya que este gobierno no cuenta con un plan alternativo, l\u00f3gico y sensato<\/em><\/strong>&#8216;, dispar\u00f3 De Marchi.<\/span><\/p>\n<p><span style=\"color: #000000;\">En este sentido consign\u00f3 que &#8216;<strong><em>la Argentina necesita tener un gobierno que haga las cosas normal. En los \u00faltimos a\u00f1os ser revolucionario no es hablar de la gran revoluci\u00f3n. Ser revolucionario es poner un plan arriba de la mesa y ser sensato, no gastar mas de lo que recaud\u00e1s, bajar impuestos para tratar de generar mayor actividad econ\u00f3mica, mayor inversi\u00f3n y mayor empleo. Estas son las reglas b\u00e1sicas de los pa\u00edses normales<\/em><\/strong>&#8216;.<\/span><\/p>\n<p style=\"text-align: center;\"><span style=\"color: #000000;\"><strong><em>&#8216;En un mundo sin inflaci\u00f3n, Argentina tiene cada vez una inflaci\u00f3n mas alarmante&#8217;<\/em><\/strong><\/span><\/p>\n<p><span style=\"color: #000000;\">Al respecto de la \u00faltima frase, complet\u00f3 que tiene &#8216;<strong><em>poca expectativa, dir\u00eda nula con este gobierno que desconoce la gravedad de las cosas que nos est\u00e1n pasando y por eso es incapaz de enfrentar las cosas<\/em><\/strong>&#8216;.<\/span><\/p>\n<p><span style=\"color: #000000;\">Consultado sobre su carrera pol\u00edtica de cara a las Elecciones Generales de 2023, el legislador indic\u00f3: &#8216;<strong><em>En nuestro caso trabajando en el armado de un plan de gobierno que tiene cuatro ejes que tienen que ver con la infraestructura social, con la vivienda, educaci\u00f3n, empleo y la transformaci\u00f3n digital<\/em><\/strong>&#8216;.<\/span><\/p>\n","protected":false},"excerpt":{"rendered":"<p>El Diputado Nacional por Mendoza (JxC) Omar De Marchi critic\u00f3 las pol\u00edticas implementadas por el gobierno nacional a las que calific\u00f3 &#8230;<\/p>\n","protected":false},"author":8,"featured_media":103456,"comment_status":"open","ping_status":"open","sticky":false,"template":"","format":"standard","meta":{"footnotes":""},"categories":[5,7],"tags":[],"class_list":["post-111062","post","type-post","status-publish","format-standard","has-post-thumbnail","hentry","category-actualidad","category-politica"],"_links":{"self":[{"href":"https:\/\/vinasfm.com\/noticias\/wp-json\/wp\/v2\/posts\/111062","targetHints":{"allow":["GET"]}}],"collection":[{"href":"https:\/\/vinasfm.com\/noticias\/wp-json\/wp\/v2\/posts"}],"about":[{"href":"https:\/\/vinasfm.com\/noticias\/wp-json\/wp\/v2\/types\/post"}],"author":[{"embeddable":true,"href":"https:\/\/vinasfm.com\/noticias\/wp-json\/wp\/v2\/users\/8"}],"replies":[{"embeddable":true,"href":"https:\/\/vinasfm.com\/noticias\/wp-json\/wp\/v2\/comments?post=111062"}],"version-history":[{"count":2,"href":"https:\/\/vinasfm.com\/noticias\/wp-json\/wp\/v2\/posts\/111062\/revisions"}],"predecessor-version":[{"id":111156,"href":"https:\/\/vinasfm.com\/noticias\/wp-json\/wp\/v2\/posts\/111062\/revisions\/111156"}],"wp:featuredmedia":[{"embeddable":true,"href":"https:\/\/vinasfm.com\/noticias\/wp-json\/wp\/v2\/media\/103456"}],"wp:attachment":[{"href":"https:\/\/vinasfm.com\/noticias\/wp-json\/wp\/v2\/media?parent=111062"}],"wp:term":[{"taxonomy":"category","embeddable":true,"href":"https:\/\/vinasfm.com\/noticias\/wp-json\/wp\/v2\/categories?post=111062"},{"taxonomy":"post_tag","embeddable":true,"href":"https:\/\/vinasfm.com\/noticias\/wp-json\/wp\/v2\/tags?post=111062"}],"curies":[{"name":"wp","href":"https:\/\/api.w.org\/{rel}","templated":true}]}}