{"id":110980,"date":"2022-07-18T10:11:50","date_gmt":"2022-07-18T13:11:50","guid":{"rendered":"http:\/\/vinasfm.com\/noticias\/?p=110980"},"modified":"2022-07-18T11:01:53","modified_gmt":"2022-07-18T14:01:53","slug":"el-gobierno-de-mendoza-reabre-paritarias-el-jueves-21-de-julio","status":"publish","type":"post","link":"https:\/\/vinasfm.com\/noticias\/el-gobierno-de-mendoza-reabre-paritarias-el-jueves-21-de-julio\/","title":{"rendered":"EL GOBIERNO DE MENDOZA REABRE PARITARIAS EL JUEVES 21 DE JULIO"},"content":{"rendered":"<h4><span style=\"color: #000000;\"><strong>Como se hab\u00eda anunciado a fin del mes pasado, el Ejecutivo adelanta la convocatoria en el marco de la compleja situaci\u00f3n financiera que atraviesa el pa\u00eds y de la alta inflaci\u00f3n que acarrea la crisis econ\u00f3mica nacional.<\/strong><\/span><\/h4>\n<p><span style=\"color: #000000;\"><strong>El Gobierno de Mendoza adelanta al jueves 21 de julio la reapertura de paritarias prevista para setiembre<\/strong>, atento a la crisis econ\u00f3mica del pa\u00eds. En el transcurso del d\u00eda los gremios ser\u00e1n notificados con el correspondiente cronograma.<\/span><\/p>\n<p><span style=\"color: #000000;\">En marzo de este a\u00f1o, el Ejecutivo logr\u00f3 un acuerdo salarial hist\u00f3rico con los gremios. Despu\u00e9s de varios a\u00f1os sin poder acordar con todos los sectores de la Administraci\u00f3n P\u00fablica, la Provincia consigui\u00f3 un incremento salarial para el personal de los gremios mayoritarios: <strong>ATE y SUTE<\/strong>. El incremento benefici\u00f3 al personal de Administraci\u00f3n Central, R\u00e9gimen 15, Guardaparques, Vialidad, Tesorer\u00eda, Contadur\u00eda, Fiscal\u00eda de Estado, Docentes y Celadores.<\/span><\/p>\n","protected":false},"excerpt":{"rendered":"<p>Como se hab\u00eda anunciado a fin del mes pasado, el Ejecutivo adelanta la convocatoria en el marco de la compleja situaci\u00f3n &#8230;<\/p>\n","protected":false},"author":8,"featured_media":70221,"comment_status":"open","ping_status":"open","sticky":false,"template":"","format":"standard","meta":{"footnotes":""},"categories":[5,77],"tags":[],"class_list":["post-110980","post","type-post","status-publish","format-standard","has-post-thumbnail","hentry","category-actualidad","category-gobierno"],"_links":{"self":[{"href":"https:\/\/vinasfm.com\/noticias\/wp-json\/wp\/v2\/posts\/110980","targetHints":{"allow":["GET"]}}],"collection":[{"href":"https:\/\/vinasfm.com\/noticias\/wp-json\/wp\/v2\/posts"}],"about":[{"href":"https:\/\/vinasfm.com\/noticias\/wp-json\/wp\/v2\/types\/post"}],"author":[{"embeddable":true,"href":"https:\/\/vinasfm.com\/noticias\/wp-json\/wp\/v2\/users\/8"}],"replies":[{"embeddable":true,"href":"https:\/\/vinasfm.com\/noticias\/wp-json\/wp\/v2\/comments?post=110980"}],"version-history":[{"count":2,"href":"https:\/\/vinasfm.com\/noticias\/wp-json\/wp\/v2\/posts\/110980\/revisions"}],"predecessor-version":[{"id":110982,"href":"https:\/\/vinasfm.com\/noticias\/wp-json\/wp\/v2\/posts\/110980\/revisions\/110982"}],"wp:featuredmedia":[{"embeddable":true,"href":"https:\/\/vinasfm.com\/noticias\/wp-json\/wp\/v2\/media\/70221"}],"wp:attachment":[{"href":"https:\/\/vinasfm.com\/noticias\/wp-json\/wp\/v2\/media?parent=110980"}],"wp:term":[{"taxonomy":"category","embeddable":true,"href":"https:\/\/vinasfm.com\/noticias\/wp-json\/wp\/v2\/categories?post=110980"},{"taxonomy":"post_tag","embeddable":true,"href":"https:\/\/vinasfm.com\/noticias\/wp-json\/wp\/v2\/tags?post=110980"}],"curies":[{"name":"wp","href":"https:\/\/api.w.org\/{rel}","templated":true}]}}