{"id":110962,"date":"2022-07-18T22:01:45","date_gmt":"2022-07-19T01:01:45","guid":{"rendered":"http:\/\/vinasfm.com\/noticias\/?p=110962"},"modified":"2022-07-19T08:01:58","modified_gmt":"2022-07-19T11:01:58","slug":"con-gran-convocatoria-se-realizo-la-primera-clase-del-curso-de-poda","status":"publish","type":"post","link":"https:\/\/vinasfm.com\/noticias\/con-gran-convocatoria-se-realizo-la-primera-clase-del-curso-de-poda\/","title":{"rendered":"M\u00c1S DE 50 PERSONAS PARTICIPARON DE LA 1\u00b0 CLASE DEL CURSO DE PODA DE VID"},"content":{"rendered":"<h4><span style=\"color: #000000;\"><strong>El d\u00eda viernes se llev\u00f3 a cabo la primera clase del curso de poda brindado por la Direcci\u00f3n de Agricultura, Ganader\u00eda y Faena, con m\u00e1s de 50 inscriptos pudieron participar de est\u00e1 primera clase de las tres te\u00f3ricas y pr\u00e1cticas, al culminar los beneficiarios recibir\u00e1n un kit de poda para poder empezar o continuar las labores.\u00a0\u00a0<\/strong><\/span><\/h4>\n<p><span style=\"color: #000000;\">En el Punto Digital de Bodega Fara\u00f3n fue sede de la primera clase sobre poda y tareas en la vid, est\u00e1 nueva capacitaci\u00f3n organizada con el fin de poder educar, capacitar y brindar herramientas para quienes empiezan este oficio, se le brindar\u00e1 a cada participante de est\u00e1 capacitaci\u00f3n recibir\u00e1n un completo kit de poda compuesto por tijera, serrucho, guantes y gafas protectoras. En di\u00e1logo con <strong>F.M. VI\u00d1AS, Carlos Ponce, Secretario de Desarrollo y Promoci\u00f3n<\/strong>, pronuncio: <em><strong>&#8216;Est\u00e1 capacitaci\u00f3n de oficio responde a los efectos de poder generar la mano de obra que est\u00e1n requiriendo nuestros productores, tiene un valor agregado gracias la subsecretaria de desarrollo de la provincia a trav\u00e9s del \u00e1rea de econom\u00eda social se logra fortalecer a toda persona que haga el curso con el kit de poda que tiene una posibilidad de que la persona salga a trabajar directamente&#8217;.<\/strong><\/em><\/span><\/p>\n<p><span style=\"color: #000000;\">Los inscriptos en est\u00e1 capacitaci\u00f3n de poda que cuenta con tres clases que abordaran teor\u00eda y pr\u00e1ctica para poder conocer el trabajo concreto de la poda, las t\u00e9cnicas y conocimientos necesarios para realizar una tarea correcta. <em><strong>&#8216;La poda est\u00e1 teniendo gran demanda en nuestro departamento, la recuperaci\u00f3n del oficio que b\u00e1sicamente se ha perdido un poco en la zona rural&#8217;<\/strong><\/em>, se\u00f1al\u00f3 <strong>Ponce<\/strong>.<\/span><\/p>\n<p><span style=\"color: #000000;\"><strong><em>&#8216;Se va hablar de la poda en la vid, la poda es una de las labores mas importantes que nuestros agricultores llevan acabo en nuestros cultivos tradicionales&#8217;<\/em><\/strong>, remarc\u00f3 e<strong>l Ing. Leandro Silvestre, Subdirector de Agricultura<\/strong> qui\u00e9n dictar\u00e1 la capacitaci\u00f3n.\u00a0<\/span><\/p>\n<p><span style=\"color: #000000;\">La capacitaci\u00f3n tiene su parte te\u00f3rica y pr\u00e1ctica para poder llevar al campo de trabajo los conceptos adquiridos por parte de los interesados, <em><strong>&#8216;Tiene dos partes una te\u00f3rica con los conceptos que hacen a los criterios de poda en ese sentido va a conocer una sepa, la vid y a partir de ah\u00ed ir conociendo porque se realizan distintas t\u00e9cnicas de podas, todo eso se va a ir viendo en esta serie de capacitaciones, en campo y vi\u00f1edo&#8217;<\/strong><\/em>, resalt\u00f3 al finalizar Silvestre.\u00a0<\/span><\/p>\n<p><span style=\"color: #000000;\">\u2022C.F.<\/span><\/p>\n","protected":false},"excerpt":{"rendered":"<p>El d\u00eda viernes se llev\u00f3 a cabo la primera clase del curso de poda brindado por la Direcci\u00f3n de Agricultura, Ganader\u00eda &#8230;<\/p>\n","protected":false},"author":7,"featured_media":110989,"comment_status":"open","ping_status":"open","sticky":false,"template":"","format":"standard","meta":{"footnotes":""},"categories":[5,14],"tags":[],"class_list":["post-110962","post","type-post","status-publish","format-standard","has-post-thumbnail","hentry","category-actualidad","category-agro"],"_links":{"self":[{"href":"https:\/\/vinasfm.com\/noticias\/wp-json\/wp\/v2\/posts\/110962","targetHints":{"allow":["GET"]}}],"collection":[{"href":"https:\/\/vinasfm.com\/noticias\/wp-json\/wp\/v2\/posts"}],"about":[{"href":"https:\/\/vinasfm.com\/noticias\/wp-json\/wp\/v2\/types\/post"}],"author":[{"embeddable":true,"href":"https:\/\/vinasfm.com\/noticias\/wp-json\/wp\/v2\/users\/7"}],"replies":[{"embeddable":true,"href":"https:\/\/vinasfm.com\/noticias\/wp-json\/wp\/v2\/comments?post=110962"}],"version-history":[{"count":5,"href":"https:\/\/vinasfm.com\/noticias\/wp-json\/wp\/v2\/posts\/110962\/revisions"}],"predecessor-version":[{"id":110996,"href":"https:\/\/vinasfm.com\/noticias\/wp-json\/wp\/v2\/posts\/110962\/revisions\/110996"}],"wp:featuredmedia":[{"embeddable":true,"href":"https:\/\/vinasfm.com\/noticias\/wp-json\/wp\/v2\/media\/110989"}],"wp:attachment":[{"href":"https:\/\/vinasfm.com\/noticias\/wp-json\/wp\/v2\/media?parent=110962"}],"wp:term":[{"taxonomy":"category","embeddable":true,"href":"https:\/\/vinasfm.com\/noticias\/wp-json\/wp\/v2\/categories?post=110962"},{"taxonomy":"post_tag","embeddable":true,"href":"https:\/\/vinasfm.com\/noticias\/wp-json\/wp\/v2\/tags?post=110962"}],"curies":[{"name":"wp","href":"https:\/\/api.w.org\/{rel}","templated":true}]}}