{"id":110950,"date":"2022-07-18T23:59:10","date_gmt":"2022-07-19T02:59:10","guid":{"rendered":"http:\/\/vinasfm.com\/noticias\/?p=110950"},"modified":"2022-07-19T10:26:37","modified_gmt":"2022-07-19T13:26:37","slug":"mas-de-100-competidores-participaron-de-los-6k-de-alvear","status":"publish","type":"post","link":"https:\/\/vinasfm.com\/noticias\/mas-de-100-competidores-participaron-de-los-6k-de-alvear\/","title":{"rendered":"M\u00c1S DE 100 COMPETIDORES PARTICIPARON DE LOS 6K DE ALVEAR"},"content":{"rendered":"<h4><span style=\"color: #000000;\"><strong>M\u00e1s de cien corredores se congregaron este domingo para participar de los 6K de General Alvear, que unieron el Polideportivo Municipal con la renovada Plaza Manuel Belgrano de Alvear Oeste. Sa\u00fal Vega en la General Masculina, y Elisa Abarca en la General Femenina, fueron los ganadores de esta competencia.<\/strong><\/span><\/h4>\n<p><span style=\"color: #000000;\">El Director de Deportes Jorge P\u00e1ez destac\u00f3 que: \u201c<strong><em>Fue incre\u00edble la cantidad de gente que se inscribi\u00f3, adem\u00e1s de ver el nivel de atletas con los que contamos en nuestro departamento, si bien el principal objetivo de esta competencia fue motivar la vida saludable<\/em><\/strong>\u201d. El funcionario adelant\u00f3 que ya se est\u00e1 trabajando para los 12K de Alvear, que se desarrollar\u00e1 el 7 de agosto pr\u00f3ximo.<\/span><\/p>\n<p><span style=\"color: #000000;\">Por su parte, el Secretario de Gobierno Mariano Varela, brind\u00f3 su experiencia participando en los 3K: \u201c<strong><em>La competencia tuvo una gran convocatoria, hay que destacar a la organizaci\u00f3n de este evento que concluy\u00f3 en la plaza Manuel Belgrano de Alvear Oeste. Nos llevamos algo muy lindo de esta competencia que es haber podido disfrutar en familia<\/em><\/strong>\u201d.<\/span><\/p>\n<p><span style=\"color: #000000;\">El ganador de estos 6K en la rama masculina, con un tiempo de 19`32\u201d, fue Sa\u00fal Vega, que hizo hincapi\u00e9 en la posibilidad que brinda el competir en nuestro departamento y lo bueno del circuito: \u201c<strong><em>Mi expectativa era salir a dar lo mejor, el recorrido fue genial. La organizaci\u00f3n tambi\u00e9n estuvo muy bien, siempre contamos con un m\u00f3vil adelante que nos gu\u00edo y ahora habr\u00e1 que prepararse para los 12K<\/em><\/strong>\u201d. <\/span><\/p>\n<p><span style=\"color: #000000;\">La rama femenina qued\u00f3 para Elisa Abarca, quien expres\u00f3: \u201c<strong><em>Fue muy especial para mi, ya que mi hijo corri\u00f3 en los 3K y eso me emocion\u00f3 mucho. Sin dudas estoy muy conforme con el tiempo, logr\u00e9 el objetivo que me hab\u00eda planteado y eso me hace muy feliz<\/em><\/strong>\u201d.<\/span><\/p>\n<p><span style=\"color: #000000;\">Uno de los corredores m\u00e1s j\u00f3venes de esta competencia, fue Nahir Barrios de solo 12 a\u00f1os: \u201c<strong><em>Estuvo muy linda esta carrera, hicimos un gran esfuerzo y gracias a mi entrenador, Cristian Malgioglio, pude completar el recorrido y llegar en segundo puesto<\/em><\/strong>\u201d.<\/span><\/p>\n<h4 style=\"text-align: center;\"><span style=\"color: #000000;\"><strong>Las posiciones finales fueron:<\/strong><\/span><\/h4>\n<p><span style=\"color: #000000;\"><strong>General Varones:<\/strong><\/span><\/p>\n<p><span style=\"color: #000000;\"><strong>1\u00ba Sa\u00fal Vega<\/strong><\/span><br \/>\n<span style=\"color: #000000;\">2\u00ba Kevin Barroso<\/span><br \/>\n<span style=\"color: #000000;\">3\u00ba Cristian Barrios<\/span><\/p>\n<p><span style=\"color: #000000;\"><strong>General Damas:<\/strong><\/span><\/p>\n<p><span style=\"color: #000000;\"><strong>1\u00ba Elisa Abarca<\/strong><\/span><br \/>\n<span style=\"color: #000000;\">2\u00ba Florencia Far\u00edas<\/span><br \/>\n<span style=\"color: #000000;\">3\u00ba Lorena Cuello<\/span><\/p>\n<p>&nbsp;<\/p>\n","protected":false},"excerpt":{"rendered":"<p>M\u00e1s de cien corredores se congregaron este domingo para participar de los 6K de General Alvear, que unieron el Polideportivo Municipal &#8230;<\/p>\n","protected":false},"author":8,"featured_media":110951,"comment_status":"open","ping_status":"open","sticky":false,"template":"","format":"standard","meta":{"footnotes":""},"categories":[5,3],"tags":[],"class_list":["post-110950","post","type-post","status-publish","format-standard","has-post-thumbnail","hentry","category-actualidad","category-deportes"],"_links":{"self":[{"href":"https:\/\/vinasfm.com\/noticias\/wp-json\/wp\/v2\/posts\/110950","targetHints":{"allow":["GET"]}}],"collection":[{"href":"https:\/\/vinasfm.com\/noticias\/wp-json\/wp\/v2\/posts"}],"about":[{"href":"https:\/\/vinasfm.com\/noticias\/wp-json\/wp\/v2\/types\/post"}],"author":[{"embeddable":true,"href":"https:\/\/vinasfm.com\/noticias\/wp-json\/wp\/v2\/users\/8"}],"replies":[{"embeddable":true,"href":"https:\/\/vinasfm.com\/noticias\/wp-json\/wp\/v2\/comments?post=110950"}],"version-history":[{"count":1,"href":"https:\/\/vinasfm.com\/noticias\/wp-json\/wp\/v2\/posts\/110950\/revisions"}],"predecessor-version":[{"id":110952,"href":"https:\/\/vinasfm.com\/noticias\/wp-json\/wp\/v2\/posts\/110950\/revisions\/110952"}],"wp:featuredmedia":[{"embeddable":true,"href":"https:\/\/vinasfm.com\/noticias\/wp-json\/wp\/v2\/media\/110951"}],"wp:attachment":[{"href":"https:\/\/vinasfm.com\/noticias\/wp-json\/wp\/v2\/media?parent=110950"}],"wp:term":[{"taxonomy":"category","embeddable":true,"href":"https:\/\/vinasfm.com\/noticias\/wp-json\/wp\/v2\/categories?post=110950"},{"taxonomy":"post_tag","embeddable":true,"href":"https:\/\/vinasfm.com\/noticias\/wp-json\/wp\/v2\/tags?post=110950"}],"curies":[{"name":"wp","href":"https:\/\/api.w.org\/{rel}","templated":true}]}}