{"id":110881,"date":"2022-07-13T00:01:40","date_gmt":"2022-07-13T03:01:40","guid":{"rendered":"http:\/\/vinasfm.com\/noticias\/?p=110881"},"modified":"2022-07-18T08:47:31","modified_gmt":"2022-07-18T11:47:31","slug":"este-viernes-agricultura-dictara-una-capacitacion-de-poda-de-vid","status":"publish","type":"post","link":"https:\/\/vinasfm.com\/noticias\/este-viernes-agricultura-dictara-una-capacitacion-de-poda-de-vid\/","title":{"rendered":"ESTE VIERNES, AGRICULTURA DICTAR\u00c1 UNA CAPACITACI\u00d3N DE PODA DE VID"},"content":{"rendered":"<h4><span style=\"color: #000000;\"><strong>La capacitaci\u00f3n de poda de vid tendr\u00e1 lugar el viernes 15 de julio, a las 15hs, en Punto Digital Bodega Fara\u00f3n, y estar\u00e1 a cargo del Ing. Leandro Silvestre.<\/strong><\/span><\/h4>\n<p><span style=\"color: #000000;\">Los interesados en realizar esta capacitaci\u00f3n a\u00fan pueden inscribirse en la<strong> Direcci\u00f3n de Agricultura, en el TecnoSum Bowen, la Delegaci\u00f3n de Carmensa, o la Delegaci\u00f3n de Alvear Oeste<\/strong>. Cabe destacar, que<strong> hay cupos limitados<\/strong> y quedan pocos disponibles.<\/span><\/p>\n<p><span style=\"color: #000000;\">El curso empieza de cero, se centrar\u00e1 en dos t\u00e9cnicas de poda para cultivo de vid y consta de tres clases: <strong>una te\u00f3rica y dos pr\u00e1cticas, que se desarrollar\u00e1n en la vi\u00f1a del predio de Bodega Fara\u00f3n<\/strong>. Cada una tendr\u00e1 un m\u00e1ximo de dos horas.<\/span><\/p>\n<p><span style=\"color: #000000;\">\u201c<strong><em>En la segunda clase se va a entregar un kit de poda: una tijera, un serrucho, una protecci\u00f3n ocular y un par de guantes<\/em><\/strong>\u201d, detall\u00f3 el Director de Agricultura Agust\u00edn Anzorena, quien a\u00f1adi\u00f3: \u201c<strong><em>Como hay d\u00e9ficit de podadores, los interesados que cumplimenten el curso quedar\u00e1n registrados en la Oficina de Empleo, para que puedan ser contactados por los productores que los requieran en sus fincas<\/em><\/strong>\u201d.<\/span><\/p>\n","protected":false},"excerpt":{"rendered":"<p>La capacitaci\u00f3n de poda de vid tendr\u00e1 lugar el viernes 15 de julio, a las 15hs, en Punto Digital Bodega Fara\u00f3n, &#8230;<\/p>\n","protected":false},"author":8,"featured_media":110884,"comment_status":"open","ping_status":"open","sticky":false,"template":"","format":"standard","meta":{"footnotes":""},"categories":[5,14],"tags":[],"class_list":["post-110881","post","type-post","status-publish","format-standard","has-post-thumbnail","hentry","category-actualidad","category-agro"],"_links":{"self":[{"href":"https:\/\/vinasfm.com\/noticias\/wp-json\/wp\/v2\/posts\/110881","targetHints":{"allow":["GET"]}}],"collection":[{"href":"https:\/\/vinasfm.com\/noticias\/wp-json\/wp\/v2\/posts"}],"about":[{"href":"https:\/\/vinasfm.com\/noticias\/wp-json\/wp\/v2\/types\/post"}],"author":[{"embeddable":true,"href":"https:\/\/vinasfm.com\/noticias\/wp-json\/wp\/v2\/users\/8"}],"replies":[{"embeddable":true,"href":"https:\/\/vinasfm.com\/noticias\/wp-json\/wp\/v2\/comments?post=110881"}],"version-history":[{"count":1,"href":"https:\/\/vinasfm.com\/noticias\/wp-json\/wp\/v2\/posts\/110881\/revisions"}],"predecessor-version":[{"id":110885,"href":"https:\/\/vinasfm.com\/noticias\/wp-json\/wp\/v2\/posts\/110881\/revisions\/110885"}],"wp:featuredmedia":[{"embeddable":true,"href":"https:\/\/vinasfm.com\/noticias\/wp-json\/wp\/v2\/media\/110884"}],"wp:attachment":[{"href":"https:\/\/vinasfm.com\/noticias\/wp-json\/wp\/v2\/media?parent=110881"}],"wp:term":[{"taxonomy":"category","embeddable":true,"href":"https:\/\/vinasfm.com\/noticias\/wp-json\/wp\/v2\/categories?post=110881"},{"taxonomy":"post_tag","embeddable":true,"href":"https:\/\/vinasfm.com\/noticias\/wp-json\/wp\/v2\/tags?post=110881"}],"curies":[{"name":"wp","href":"https:\/\/api.w.org\/{rel}","templated":true}]}}