{"id":110800,"date":"2022-07-12T23:57:32","date_gmt":"2022-07-13T02:57:32","guid":{"rendered":"http:\/\/vinasfm.com\/noticias\/?p=110800"},"modified":"2022-07-13T09:55:21","modified_gmt":"2022-07-13T12:55:21","slug":"segmentacion-de-tarifas-este-viernes-estara-disponible-el-formulario-para-no-perder-el-subsidio","status":"publish","type":"post","link":"https:\/\/vinasfm.com\/noticias\/segmentacion-de-tarifas-este-viernes-estara-disponible-el-formulario-para-no-perder-el-subsidio\/","title":{"rendered":"SEGMENTACI\u00d3N DE TARIFAS: ESTE VIERNES ESTAR\u00c1 DISPONIBLE EL FORMULARIO PARA NO PERDER EL SUBSIDIO"},"content":{"rendered":"<h4><span style=\"color: #000000;\"><strong>En el anuncio de medidas fiscales y cambiarias, la ministra de Econom\u00eda, Silvina Batakis, anticip\u00f3 que el viernes estar\u00e1n disponibles los formularios para la segmentaci\u00f3n en las tarifas del servicio de energ\u00eda. La ministra anunci\u00f3 nuevas medidas cambiarias y financieras, despu\u00e9s de la turbulencia de los \u00faltimos d\u00edas tras la renuncia de Mart\u00edn Guzm\u00e1n.<\/strong><\/span><\/h4>\n<p><span style=\"color: #000000;\">Entre las nuevas medidas, estableci\u00f3 la &#8216;<strong><em>implementaci\u00f3n de la segmentaci\u00f3n de las tarifas para los distintos tipos de poblaci\u00f3n<\/em><\/strong>&#8216;, cuyo formulario se encontrar\u00e1 disponible este viernes 15 de julio. Esa segmentaci\u00f3n implicar\u00e1 que alrededor del 10% de la poblaci\u00f3n deje de recibir subsidios de luz y gas.<\/span><\/p>\n<h4><span style=\"color: #000000;\"><b>RASE: cu\u00e1les son las topes de ingresos que definir\u00e1n la quita o no del subsidio<\/b><\/span><\/h4>\n<p><span style=\"color: #000000;\">El nuevo r\u00e9gimen de ordenamiento de subsidios a la luz y el gas se basa en tres escalas: una que pagar\u00e1 la tarifa plena, otra con un aumento no mayor al 80% del Coeficiente de Variaci\u00f3n Salarial y una tercera con tarifa social, seg\u00fan lo indicado en el decreto 332\/2022 que orden la segmentaci\u00f3n.<\/span><\/p>\n<h4><span style=\"color: #000000;\"><b>Para eso, se establecieron tres grupos:<\/b><\/span><\/h4>\n<p><span style=\"color: #000000;\"><strong>Segmento alto:<\/strong> este grupo declara tener ingresos mensuales totales del hogar por m\u00e1s de $350.000 (el equivalente a 3,5 canastas b\u00e1sicas tipo 2, seg\u00fan el INDEC), tener 3 o m\u00e1s veh\u00edculos con una antig\u00fcedad menor a 5 a\u00f1os, 3 o m\u00e1s inmuebles o una embarcaci\u00f3n o aeronave. Son usuarios de ingresos altos.<\/span><\/p>\n<p><span style=\"color: #000000;\"><strong>Segmento medio:<\/strong> este grupo declara ingresos mensuales totales del hogar entre $100.000 y $350.000, no poseer m\u00e1s de 3 inmuebles y no tener 2 o m\u00e1s veh\u00edculos con una antig\u00fcedad menor a 5 a\u00f1os. Son usuarios y usuarias de ingresos medios.<\/span><\/p>\n<p><span style=\"color: #000000;\"><strong>Segmento social:<\/strong> este grupo declara tener ingresos mensuales totales del hogar equivalente a $100.000 (1 canasta b\u00e1sica tipo 2 seg\u00fan el INDEC(, tener menos de 2 inmuebles o no poseer ninguno y no tener un veh\u00edculo con menos de 3 a\u00f1os de antig\u00fcedad. Son usuarios y usuarias de ingresos bajos.<\/span><\/p>\n<p><span style=\"color: #000000;\">En los pr\u00f3ximos d\u00edas se habilitar\u00e1 el Registro de Acceso a los Subsidios a la Energ\u00eda (RASE) para no perder la asistencia estatal en las tarifas de luz y gas.\u00a0<\/span><\/p>\n<h4><span style=\"color: #000000;\"><b>Qui\u00e9nes tendr\u00e1n que pagar la tarifa completa de energ\u00eda<\/b><\/span><\/h4>\n<p><span style=\"color: #000000;\">Los hogares que cumplan con al menos una de las condiciones establecidas en el nivel uno dejar\u00e1n de recibir subsidios y comenzar\u00e1n a pagar la tarifa plena, en forma gradual.<\/span><\/p>\n<p><span style=\"color: #000000;\">Seg\u00fan estimaciones oficiales, se encuentran incluidos dentro del grupo hasta 1.631.846 usuarios de servicio el\u00e9ctrico (que representan el 10,1% del total) y 1.178.248 usuarios de gas residencial (12,9% del total).<\/span><\/p>\n<h4><span style=\"color: #000000;\"><b>Qui\u00e9nes seguir\u00e1n recibiendo subsidios a la energ\u00eda<br \/>\n<\/b><\/span><\/h4>\n<p><span style=\"color: #000000;\">Adem\u00e1s de las personas a las que se le quitar\u00e1n 100% los subsidios, hay otros dos segmentos para quienes la tarifa subir\u00e1 desde junio, pero en menor proporci\u00f3n: son los que no cumplen con las condiciones del nivel 1 y est\u00e1n agrupados en los sectores de menores ingresos (40%) e ingresos medios (80%).<\/span><\/p>\n<p><span style=\"color: #000000;\">Los beneficiarios de programas sociales nacionales (AUH, AUE, AUD, Progresar, Potenciar Trabajo, entre otros) podr\u00e1n ser incluidos en el padr\u00f3n de beneficiarios del nivel de menores ingresos, sobre la base de la informaci\u00f3n con la que cuenta el Estado en sus registros.<\/span><\/p>\n<p><span style=\"color: #000000;\">Se crear\u00e1 un registro para que los usuarios que desean seguir recibiendo el subsidio se anoten. Organismos p\u00fablicos como la Anses, AFIP y el ministerio de Trabajo cruzar\u00e1n datos para determinar qui\u00e9nes pertenecen a cada uno de los tres segmentos.<\/span><\/p>\n","protected":false},"excerpt":{"rendered":"<p>En el anuncio de medidas fiscales y cambiarias, la ministra de Econom\u00eda, Silvina Batakis, anticip\u00f3 que el viernes estar\u00e1n disponibles los &#8230;<\/p>\n","protected":false},"author":8,"featured_media":42260,"comment_status":"open","ping_status":"open","sticky":false,"template":"","format":"standard","meta":{"footnotes":""},"categories":[5,68],"tags":[],"class_list":["post-110800","post","type-post","status-publish","format-standard","has-post-thumbnail","hentry","category-actualidad","category-servicios"],"_links":{"self":[{"href":"https:\/\/vinasfm.com\/noticias\/wp-json\/wp\/v2\/posts\/110800","targetHints":{"allow":["GET"]}}],"collection":[{"href":"https:\/\/vinasfm.com\/noticias\/wp-json\/wp\/v2\/posts"}],"about":[{"href":"https:\/\/vinasfm.com\/noticias\/wp-json\/wp\/v2\/types\/post"}],"author":[{"embeddable":true,"href":"https:\/\/vinasfm.com\/noticias\/wp-json\/wp\/v2\/users\/8"}],"replies":[{"embeddable":true,"href":"https:\/\/vinasfm.com\/noticias\/wp-json\/wp\/v2\/comments?post=110800"}],"version-history":[{"count":3,"href":"https:\/\/vinasfm.com\/noticias\/wp-json\/wp\/v2\/posts\/110800\/revisions"}],"predecessor-version":[{"id":110850,"href":"https:\/\/vinasfm.com\/noticias\/wp-json\/wp\/v2\/posts\/110800\/revisions\/110850"}],"wp:featuredmedia":[{"embeddable":true,"href":"https:\/\/vinasfm.com\/noticias\/wp-json\/wp\/v2\/media\/42260"}],"wp:attachment":[{"href":"https:\/\/vinasfm.com\/noticias\/wp-json\/wp\/v2\/media?parent=110800"}],"wp:term":[{"taxonomy":"category","embeddable":true,"href":"https:\/\/vinasfm.com\/noticias\/wp-json\/wp\/v2\/categories?post=110800"},{"taxonomy":"post_tag","embeddable":true,"href":"https:\/\/vinasfm.com\/noticias\/wp-json\/wp\/v2\/tags?post=110800"}],"curies":[{"name":"wp","href":"https:\/\/api.w.org\/{rel}","templated":true}]}}