{"id":110797,"date":"2022-07-12T23:59:23","date_gmt":"2022-07-13T02:59:23","guid":{"rendered":"http:\/\/vinasfm.com\/noticias\/?p=110797"},"modified":"2022-07-13T10:44:09","modified_gmt":"2022-07-13T13:44:09","slug":"el-intendente-marcolini-reclamo-por-la-habilitacion-total-del-paso-pehuenche","status":"publish","type":"post","link":"https:\/\/vinasfm.com\/noticias\/el-intendente-marcolini-reclamo-por-la-habilitacion-total-del-paso-pehuenche\/","title":{"rendered":"EL INTENDENTE MARCOLINI RECLAM\u00d3 POR LA HABILITACI\u00d3N TOTAL DEL PASO PEHUENCHE"},"content":{"rendered":"<h4><span style=\"color: #000000;\"><strong>Walther Marcolini, intendente de\u00a0General Alvear, insisti\u00f3 este domingo que el\u00a0Paso Pehuenche\u00a0debe ser habilitado de manera urgente. El caos de los varados este s\u00e1bado en el cruce internacional fue el disparador para el reclamo del jefe comunal.<\/strong><\/span><\/h4>\n<p><span style=\"color: #000000;\">Desde las 14 horas del s\u00e1bado, m\u00e1s de 400 personas quedaron varadas hasta las primeras horas de este domingo en el\u00a0<strong>Paso Internacional Cristo Redentor<\/strong>. Camiones, micros de larga distancia y autos particulares estuvieron m\u00e1s de doce horas varados sin agua caliente y comida debido a que el paso cerr\u00f3 por un temporal.<\/span><\/p>\n<aside class=\"htmlinline\"><\/aside>\n<p><span style=\"color: #000000;\">Es por eso que Marcolini escribi\u00f3 en su cuenta de Twitter respecto a una anhelada obra que agilizar\u00eda el cruce hacia el vecino pa\u00eds.<\/span><\/p>\n<p><span style=\"color: #000000;\"><a style=\"color: #000000;\" href=\"http:\/\/vinasfm.com\/noticias\/wp-content\/uploads\/2022\/07\/34e2688b-0783-45c2-9cca-a6e98990be04.jpg\"><img loading=\"lazy\" decoding=\"async\" class=\" wp-image-110798 aligncenter\" src=\"http:\/\/vinasfm.com\/noticias\/wp-content\/uploads\/2022\/07\/34e2688b-0783-45c2-9cca-a6e98990be04-294x300.jpg\" alt=\"\" width=\"526\" height=\"537\" srcset=\"https:\/\/vinasfm.com\/noticias\/wp-content\/uploads\/2022\/07\/34e2688b-0783-45c2-9cca-a6e98990be04-294x300.jpg 294w, https:\/\/vinasfm.com\/noticias\/wp-content\/uploads\/2022\/07\/34e2688b-0783-45c2-9cca-a6e98990be04-768x783.jpg 768w, https:\/\/vinasfm.com\/noticias\/wp-content\/uploads\/2022\/07\/34e2688b-0783-45c2-9cca-a6e98990be04.jpg 981w\" sizes=\"auto, (max-width: 526px) 100vw, 526px\" \/><\/a><\/span><\/p>\n<p><span style=\"color: #000000;\">\u00abPaso Pehuenche debe ser habilitado para todo tipo de carga de manera urgente. En\u00a0<strong>Mendoza\u00a0<\/strong>tenemos un\u00a0<strong>Paso Internacional\u00a0<\/strong>alternativo a la espera de que se habilite el tr\u00e1nsito para todo tipo de carga pesada\u00bb, dijo el intendente alvearense este domingo.<\/span><\/p>\n<p><span style=\"color: #000000;\">\u00abSe evitar\u00edan los inconvenientes que hoy vemos en el\u00a0<strong>Paso Cristo Redentor\u00a0<\/strong>y se fortalecer\u00e1 el desarrollo de las econom\u00edas regionales del sur de la provincia\u00bb, concluy\u00f3 el radical.<\/span><\/p>\n","protected":false},"excerpt":{"rendered":"<p>Walther Marcolini, intendente de\u00a0General Alvear, insisti\u00f3 este domingo que el\u00a0Paso Pehuenche\u00a0debe ser habilitado de manera urgente. El caos de los varados &#8230;<\/p>\n","protected":false},"author":8,"featured_media":94791,"comment_status":"open","ping_status":"open","sticky":false,"template":"","format":"standard","meta":{"footnotes":""},"categories":[5,30],"tags":[],"class_list":["post-110797","post","type-post","status-publish","format-standard","has-post-thumbnail","hentry","category-actualidad","category-paso-pehuenche"],"_links":{"self":[{"href":"https:\/\/vinasfm.com\/noticias\/wp-json\/wp\/v2\/posts\/110797","targetHints":{"allow":["GET"]}}],"collection":[{"href":"https:\/\/vinasfm.com\/noticias\/wp-json\/wp\/v2\/posts"}],"about":[{"href":"https:\/\/vinasfm.com\/noticias\/wp-json\/wp\/v2\/types\/post"}],"author":[{"embeddable":true,"href":"https:\/\/vinasfm.com\/noticias\/wp-json\/wp\/v2\/users\/8"}],"replies":[{"embeddable":true,"href":"https:\/\/vinasfm.com\/noticias\/wp-json\/wp\/v2\/comments?post=110797"}],"version-history":[{"count":4,"href":"https:\/\/vinasfm.com\/noticias\/wp-json\/wp\/v2\/posts\/110797\/revisions"}],"predecessor-version":[{"id":110849,"href":"https:\/\/vinasfm.com\/noticias\/wp-json\/wp\/v2\/posts\/110797\/revisions\/110849"}],"wp:featuredmedia":[{"embeddable":true,"href":"https:\/\/vinasfm.com\/noticias\/wp-json\/wp\/v2\/media\/94791"}],"wp:attachment":[{"href":"https:\/\/vinasfm.com\/noticias\/wp-json\/wp\/v2\/media?parent=110797"}],"wp:term":[{"taxonomy":"category","embeddable":true,"href":"https:\/\/vinasfm.com\/noticias\/wp-json\/wp\/v2\/categories?post=110797"},{"taxonomy":"post_tag","embeddable":true,"href":"https:\/\/vinasfm.com\/noticias\/wp-json\/wp\/v2\/tags?post=110797"}],"curies":[{"name":"wp","href":"https:\/\/api.w.org\/{rel}","templated":true}]}}