{"id":110793,"date":"2022-07-12T00:01:33","date_gmt":"2022-07-12T03:01:33","guid":{"rendered":"http:\/\/vinasfm.com\/noticias\/?p=110793"},"modified":"2022-07-13T08:59:05","modified_gmt":"2022-07-13T11:59:05","slug":"alvear-celebro-un-nuevo-aniversario-de-la-declaracion-de-la-independencia","status":"publish","type":"post","link":"https:\/\/vinasfm.com\/noticias\/alvear-celebro-un-nuevo-aniversario-de-la-declaracion-de-la-independencia\/","title":{"rendered":"ALVEAR CELEBR\u00d3 UN NUEVO ANIVERSARIO DE LA DECLARACI\u00d3N DE LA INDEPENDENCIA"},"content":{"rendered":"<h4><strong><span style=\"color: #000000;\">Los actos del 9 de julio tuvieron inicio, con una velada de gala, el viernes 8 en el Cine Teatro Antonio Lafalla, a cuatro a\u00f1os de su remodelaci\u00f3n y reinauguraci\u00f3n. Este s\u00e1bado se realiz\u00f3 el Tedeum en la parroquia Sagrado Coraz\u00f3n de Jes\u00fas, luego el Acto oficial, y la actuaci\u00f3n del Ballet Municipal, las actividades concluyeron con un gran chocolate patrio.<\/span><\/strong><\/h4>\n<p><span style=\"color: #000000;\">El intendente Walther Marcolini destac\u00f3 la necesidad de redoblar nuestros esfuerzos y apostar desde el Estado para tener instituciones inclusivas con una centralidad en la educaci\u00f3n y lograr recuperar los sectores productivos: \u201c<strong><em>Nosotros continuamos trabajando con el compromiso de lograr un pa\u00eds m\u00e1s justo, con iguales oportunidades para todos los habitantes y que le d\u00e9 a los j\u00f3venes la esperanza de que vale la pena capacitarse y emprender en el pa\u00eds<\/em><\/strong>\u201d. Asimismo hizo hincapi\u00e9 en la importancia de la obra p\u00fablica como eje de crecimiento: \u201c<strong><em>Contin\u00faan en ejecuci\u00f3n los barrios, las tareas de asfalto volver\u00e1n a mediados de agosto, la Universidad Cooperativa y las escuelas est\u00e1n en proceso licitatorio y creemos que a fin de a\u00f1o tendremos un nivel de obra muy alto que se suma al que ya est\u00e1 en marcha como Casa Salonia, Museo del Deporte, Museo Salvador Calafat, las cloacas en distintos puntos del departamento, que hacen que sean mejoras concretas en la vida cotidiana de nuestros vecinos<\/em><\/strong>\u201d.<\/span><\/p>\n<div id=\"attachment_110794\" style=\"width: 300px\" class=\"wp-caption alignleft\"><a href=\"http:\/\/vinasfm.com\/noticias\/wp-content\/uploads\/2022\/07\/DSC07298-scaled.jpg\"><img loading=\"lazy\" decoding=\"async\" aria-describedby=\"caption-attachment-110794\" class=\"size-medium wp-image-110794\" src=\"http:\/\/vinasfm.com\/noticias\/wp-content\/uploads\/2022\/07\/DSC07298-300x169.jpg\" alt=\"\" width=\"300\" height=\"169\" srcset=\"https:\/\/vinasfm.com\/noticias\/wp-content\/uploads\/2022\/07\/DSC07298-300x169.jpg 300w, https:\/\/vinasfm.com\/noticias\/wp-content\/uploads\/2022\/07\/DSC07298-1024x576.jpg 1024w, https:\/\/vinasfm.com\/noticias\/wp-content\/uploads\/2022\/07\/DSC07298-768x432.jpg 768w, https:\/\/vinasfm.com\/noticias\/wp-content\/uploads\/2022\/07\/DSC07298-1536x864.jpg 1536w, https:\/\/vinasfm.com\/noticias\/wp-content\/uploads\/2022\/07\/DSC07298-2048x1152.jpg 2048w, https:\/\/vinasfm.com\/noticias\/wp-content\/uploads\/2022\/07\/DSC07298-750x420.jpg 750w, https:\/\/vinasfm.com\/noticias\/wp-content\/uploads\/2022\/07\/DSC07298-1140x641.jpg 1140w\" sizes=\"auto, (max-width: 300px) 100vw, 300px\" \/><\/a><p id=\"caption-attachment-110794\" class=\"wp-caption-text\">Acto D\u00eda de la Independencia.<\/p><\/div>\n<p><span style=\"color: #000000;\">Durante el acto oficial, el Secretario de Obras P\u00fablicas Jorge P\u00e9rez brind\u00f3 un discurso donde resalt\u00f3 que la independencia se construye todos los d\u00edas con las peque\u00f1as acciones de cada ciudadano. Adem\u00e1s, realiz\u00f3 un racconto de los hechos que culminaron en la Declaraci\u00f3n de la Independencia de nuestro pa\u00eds.<\/span><\/p>\n<p><span style=\"color: #000000;\">P\u00e9rez llam\u00f3 a trabajar todos juntos para engrandecer nuestra Naci\u00f3n y nuestro territorio, trabajando para agregar valor agregado a nuestros productos, participando a trav\u00e9s de cada instituci\u00f3n o de manera particular, innovando y desarrollando el departamento: \u201c<strong><em>Que este 9 de Julio se perpet\u00fae la huella de libertad, uni\u00f3n, esperanza, solidaridad y respeto, porque este pa\u00eds puede salir adelante, trabajando todos juntos para lograr la Argentina que nos merecemos. Feliz D\u00eda de la Patria<\/em><\/strong>\u201d, expres\u00f3.<\/span><\/p>\n<p><span style=\"color: #000000;\">Tras el discurso del Secretario de Obras P\u00fablicas, se present\u00f3 el Ballet Municipal y los presentes compartieron un chocolate patrio para celebrar este gran d\u00eda para nuestro pa\u00eds.<\/span><\/p>\n<p><span style=\"color: #000000;\">Es bueno destacar que los festejos dieron inicio en la noche del viernes, con la Velada Patri\u00f3tica que se desarroll\u00f3 en el Cine Teatro Antonio Lafalla, donde se presentaron Enzo de Lucca &amp; Los Negroni, Al Sur Tango y Jimena Semiz. El teatro se colm\u00f3 de espectadores que, adem\u00e1s de dar la bienvenida a esta jornada patria, celebraron los cuatro a\u00f1os de la remodelaci\u00f3n y reinauguraci\u00f3n del Cine Teatro Antonio Lafalla.<\/span><\/p>\n","protected":false},"excerpt":{"rendered":"<p>Los actos del 9 de julio tuvieron inicio, con una velada de gala, el viernes 8 en el Cine Teatro Antonio &#8230;<\/p>\n","protected":false},"author":8,"featured_media":110795,"comment_status":"open","ping_status":"open","sticky":false,"template":"","format":"standard","meta":{"footnotes":""},"categories":[5,10],"tags":[],"class_list":["post-110793","post","type-post","status-publish","format-standard","has-post-thumbnail","hentry","category-actualidad","category-destacadas"],"_links":{"self":[{"href":"https:\/\/vinasfm.com\/noticias\/wp-json\/wp\/v2\/posts\/110793","targetHints":{"allow":["GET"]}}],"collection":[{"href":"https:\/\/vinasfm.com\/noticias\/wp-json\/wp\/v2\/posts"}],"about":[{"href":"https:\/\/vinasfm.com\/noticias\/wp-json\/wp\/v2\/types\/post"}],"author":[{"embeddable":true,"href":"https:\/\/vinasfm.com\/noticias\/wp-json\/wp\/v2\/users\/8"}],"replies":[{"embeddable":true,"href":"https:\/\/vinasfm.com\/noticias\/wp-json\/wp\/v2\/comments?post=110793"}],"version-history":[{"count":2,"href":"https:\/\/vinasfm.com\/noticias\/wp-json\/wp\/v2\/posts\/110793\/revisions"}],"predecessor-version":[{"id":110833,"href":"https:\/\/vinasfm.com\/noticias\/wp-json\/wp\/v2\/posts\/110793\/revisions\/110833"}],"wp:featuredmedia":[{"embeddable":true,"href":"https:\/\/vinasfm.com\/noticias\/wp-json\/wp\/v2\/media\/110795"}],"wp:attachment":[{"href":"https:\/\/vinasfm.com\/noticias\/wp-json\/wp\/v2\/media?parent=110793"}],"wp:term":[{"taxonomy":"category","embeddable":true,"href":"https:\/\/vinasfm.com\/noticias\/wp-json\/wp\/v2\/categories?post=110793"},{"taxonomy":"post_tag","embeddable":true,"href":"https:\/\/vinasfm.com\/noticias\/wp-json\/wp\/v2\/tags?post=110793"}],"curies":[{"name":"wp","href":"https:\/\/api.w.org\/{rel}","templated":true}]}}