{"id":110787,"date":"2022-07-12T23:50:58","date_gmt":"2022-07-13T02:50:58","guid":{"rendered":"http:\/\/vinasfm.com\/noticias\/?p=110787"},"modified":"2022-07-13T10:23:01","modified_gmt":"2022-07-13T13:23:01","slug":"nadie-nos-advirtio-de-la-situacion-meteorologica-reclamo-un-camionero-alvearense-varado-en-alta-montana","status":"publish","type":"post","link":"https:\/\/vinasfm.com\/noticias\/nadie-nos-advirtio-de-la-situacion-meteorologica-reclamo-un-camionero-alvearense-varado-en-alta-montana\/","title":{"rendered":"&#8216;NADIE NOS ADVIRTI\u00d3 DE LA SITUACI\u00d3N METEOROL\u00d3GICA&#8217;, RECLAM\u00d3 UN CAMIONERO ALVEARENSE VARADO EN ALTA MONTA\u00d1A"},"content":{"rendered":"<h4><span style=\"color: #000000;\"><strong>La tormenta de nieve de este fin de semana en alta monta\u00f1a dejando varados a camioneros, autos particulares teniendo que ser evacuados y rescatados ante esta situaci\u00f3n con m\u00e1s de un metro de altura de nieve y temperaturas que llegan a los -15\u00ba .\u00a0<\/strong><\/span><\/h4>\n<p><span style=\"color: #000000;\">La situaci\u00f3n que se vivi\u00f3 este fin de semana en el Paso Cristo Redentor, mostr\u00f3 nuevamente la importancia de trabajar en el Paso Pehuenche y de que el gobierno tome cartas en el asunto ante est\u00e1 situaci\u00f3n dejando a decenas de veh\u00edculos varados poniendo en riesgo la vida de ni\u00f1os, mujeres y hombres.\u00a0<\/span><\/p>\n<p><span style=\"color: #000000;\">En di\u00e1logo con <strong>F.M. VI\u00d1AS, Mauro Agostini, camionero de General Alvear<\/strong>, expres\u00f3: <em><strong>&#8216;Hubieron accidentes de camiones y veh\u00edculos particulares y quedaron muchas personas atrapadas en los t\u00faneles. En este momento estamos -14\u00b0&#8217;.<\/strong><\/em> El Paso Cristo Redentor fue abierto sin prevenir que pod\u00eda llegar a bajar una tormenta con tales dimensiones dejando y poniendo en riesgo a quienes deseaban cruzar tanto camiones con carga, como turistas siendo el inicio del receso invernal.<\/span><\/p>\n<p><span style=\"color: #000000;\"><strong><em>&#8216;Nadie dijo de poner cadenas porque es una tormenta que se armo de un momento a otro, a nadie le dio tiempo de poner cadena, ahora si estamos todos con cadena para bajar&#8217;<\/em><\/strong>, se\u00f1al\u00f3 <strong>Agostini<\/strong>. Se recibi\u00f3 la asistencia, se consulto a quienes quer\u00edan abandonar camiones y autos particulares para ser alojados en un refugio, para mantener la temperatura en los veh\u00edculos deben permanecer encendidos necesitando el combustible suficiente, tambi\u00e9n se pod\u00edan presentar el faltante de provisiones de alimentos que cada familia y conductor llevaba en su veh\u00edculo.\u00a0<\/span><\/p>\n<p><span style=\"color: #000000;\">Se esperaba en horas de la ma\u00f1ana del d\u00eda de ayer, novedades por parte de las entidades correspondientes y comunicaciones para ver como continuaba la situaci\u00f3n con quienes hab\u00edan quedado varados, <em><strong>&#8216;tienen que limpiar para que podamos bajar, ni vialidad, ni gendarmer\u00eda deber\u00edan venir a dar noticias&#8217;<\/strong><\/em>, subray\u00f3 al finalizar.\u00a0<\/span><\/p>\n<p><span style=\"color: #000000;\">\u2022C.F.<\/span><\/p>\n","protected":false},"excerpt":{"rendered":"<p>La tormenta de nieve de este fin de semana en alta monta\u00f1a dejando varados a camioneros, autos particulares teniendo que ser &#8230;<\/p>\n","protected":false},"author":7,"featured_media":110816,"comment_status":"open","ping_status":"open","sticky":false,"template":"","format":"standard","meta":{"footnotes":""},"categories":[5,10],"tags":[],"class_list":["post-110787","post","type-post","status-publish","format-standard","has-post-thumbnail","hentry","category-actualidad","category-destacadas"],"_links":{"self":[{"href":"https:\/\/vinasfm.com\/noticias\/wp-json\/wp\/v2\/posts\/110787","targetHints":{"allow":["GET"]}}],"collection":[{"href":"https:\/\/vinasfm.com\/noticias\/wp-json\/wp\/v2\/posts"}],"about":[{"href":"https:\/\/vinasfm.com\/noticias\/wp-json\/wp\/v2\/types\/post"}],"author":[{"embeddable":true,"href":"https:\/\/vinasfm.com\/noticias\/wp-json\/wp\/v2\/users\/7"}],"replies":[{"embeddable":true,"href":"https:\/\/vinasfm.com\/noticias\/wp-json\/wp\/v2\/comments?post=110787"}],"version-history":[{"count":4,"href":"https:\/\/vinasfm.com\/noticias\/wp-json\/wp\/v2\/posts\/110787\/revisions"}],"predecessor-version":[{"id":110860,"href":"https:\/\/vinasfm.com\/noticias\/wp-json\/wp\/v2\/posts\/110787\/revisions\/110860"}],"wp:featuredmedia":[{"embeddable":true,"href":"https:\/\/vinasfm.com\/noticias\/wp-json\/wp\/v2\/media\/110816"}],"wp:attachment":[{"href":"https:\/\/vinasfm.com\/noticias\/wp-json\/wp\/v2\/media?parent=110787"}],"wp:term":[{"taxonomy":"category","embeddable":true,"href":"https:\/\/vinasfm.com\/noticias\/wp-json\/wp\/v2\/categories?post=110787"},{"taxonomy":"post_tag","embeddable":true,"href":"https:\/\/vinasfm.com\/noticias\/wp-json\/wp\/v2\/tags?post=110787"}],"curies":[{"name":"wp","href":"https:\/\/api.w.org\/{rel}","templated":true}]}}