{"id":110682,"date":"2022-07-08T10:23:09","date_gmt":"2022-07-08T13:23:09","guid":{"rendered":"http:\/\/vinasfm.com\/noticias\/?p=110682"},"modified":"2022-07-08T10:58:32","modified_gmt":"2022-07-08T13:58:32","slug":"la-parroquia-sagrado-corazon-se-prepara-para-los-festejos-del-9-de-julio","status":"publish","type":"post","link":"https:\/\/vinasfm.com\/noticias\/la-parroquia-sagrado-corazon-se-prepara-para-los-festejos-del-9-de-julio\/","title":{"rendered":"EL 9 DE JULIO EN LA PARROQUIA SAGRADO CORAZ\u00d3N SE REALIZAR\u00c1 EL TRADICIONAL TE DEUM Y VENTA DE LOCRO PATRIO"},"content":{"rendered":"<p><span style=\"color: #000000;\"><strong>Este 9 de julio las celebraciones por el d\u00eda de la independencia se har\u00e1n presentes en la Parroquia Sagrado Coraz\u00f3n de nuestro departamento.<\/strong><\/span><\/p>\n<p><span style=\"color: #000000;\">En di\u00e1logo para<strong> F.M VI\u00d1AS<\/strong> con Horacio Valdivia acerca de los preparativos del Te Deum: <strong>\u00abEste s\u00e1bado a las 10:30 hs est\u00e1n todos invitados a la parroquia para celebrar el Te Deum, el Te Deum es una oraci\u00f3n de acci\u00f3n de gracia donde la comunidad eleva su coraz\u00f3n para agradecer al se\u00f1or todo lo obtenido por nuestra patria, tantas cosas buenas que hemos heredado por lo que hicieron grande a nuestra patria\u00bb. <\/strong>Esta celebraci\u00f3n va a estar dirigida por el padre Horacio y la invitaci\u00f3n es para todos los alvearenses.<\/span><\/p>\n<p><span style=\"color: #000000;\">Adem\u00e1s Valdivia habl\u00f3 acerca de la venta de locro <strong>\u00abSe estar\u00e1n vendiendo porciones de locro a beneficio por todas las refacciones que se har\u00e1n en la parroquia, a partir de las 12:00 hs se estar\u00e1n entregando las porciones, el precio de las tarjetas cuenta con un valor de 600 pesos y se pueden adquirir en la secretaria de la Iglesia\u00bb<\/strong> a\u00f1adi\u00f3.\u00a0<\/span><\/p>\n<p><span style=\"color: #000000;\">L.L.<\/span><\/p>\n","protected":false},"excerpt":{"rendered":"<p>Este 9 de julio las celebraciones por el d\u00eda de la independencia se har\u00e1n presentes en la Parroquia Sagrado Coraz\u00f3n de &#8230;<\/p>\n","protected":false},"author":7,"featured_media":18965,"comment_status":"open","ping_status":"open","sticky":false,"template":"","format":"standard","meta":{"footnotes":""},"categories":[5,10],"tags":[],"class_list":["post-110682","post","type-post","status-publish","format-standard","has-post-thumbnail","hentry","category-actualidad","category-destacadas"],"_links":{"self":[{"href":"https:\/\/vinasfm.com\/noticias\/wp-json\/wp\/v2\/posts\/110682","targetHints":{"allow":["GET"]}}],"collection":[{"href":"https:\/\/vinasfm.com\/noticias\/wp-json\/wp\/v2\/posts"}],"about":[{"href":"https:\/\/vinasfm.com\/noticias\/wp-json\/wp\/v2\/types\/post"}],"author":[{"embeddable":true,"href":"https:\/\/vinasfm.com\/noticias\/wp-json\/wp\/v2\/users\/7"}],"replies":[{"embeddable":true,"href":"https:\/\/vinasfm.com\/noticias\/wp-json\/wp\/v2\/comments?post=110682"}],"version-history":[{"count":5,"href":"https:\/\/vinasfm.com\/noticias\/wp-json\/wp\/v2\/posts\/110682\/revisions"}],"predecessor-version":[{"id":110699,"href":"https:\/\/vinasfm.com\/noticias\/wp-json\/wp\/v2\/posts\/110682\/revisions\/110699"}],"wp:featuredmedia":[{"embeddable":true,"href":"https:\/\/vinasfm.com\/noticias\/wp-json\/wp\/v2\/media\/18965"}],"wp:attachment":[{"href":"https:\/\/vinasfm.com\/noticias\/wp-json\/wp\/v2\/media?parent=110682"}],"wp:term":[{"taxonomy":"category","embeddable":true,"href":"https:\/\/vinasfm.com\/noticias\/wp-json\/wp\/v2\/categories?post=110682"},{"taxonomy":"post_tag","embeddable":true,"href":"https:\/\/vinasfm.com\/noticias\/wp-json\/wp\/v2\/tags?post=110682"}],"curies":[{"name":"wp","href":"https:\/\/api.w.org\/{rel}","templated":true}]}}