{"id":110666,"date":"2022-07-08T23:59:26","date_gmt":"2022-07-09T02:59:26","guid":{"rendered":"http:\/\/vinasfm.com\/noticias\/?p=110666"},"modified":"2022-07-11T09:45:52","modified_gmt":"2022-07-11T12:45:52","slug":"62-alvearenses-recibieron-su-titulo-de-tecnicos-universitarios-en-gestion-y-administracion-en-instituciones-publicas","status":"publish","type":"post","link":"https:\/\/vinasfm.com\/noticias\/62-alvearenses-recibieron-su-titulo-de-tecnicos-universitarios-en-gestion-y-administracion-en-instituciones-publicas\/","title":{"rendered":"62 ALVEARENSES RECIBIERON SU T\u00cdTULO DE T\u00c9CNICOS UNIVERSITARIOS EN GESTI\u00d3N Y ADMINISTRACI\u00d3N EN INSTITUCIONES P\u00daBLICAS"},"content":{"rendered":"<h4><span style=\"color: #000000;\"><strong>En el Cine Teatro Antonio Lafalla, 62 alvearenses recibieron su t\u00edtulo de la Tecnicatura Universitaria en Gesti\u00f3n y Administraci\u00f3n en Instituciones P\u00fablicas de la Facultad de Ciencias Pol\u00edticas y Sociales de la UNCuyo. La oportunidad para acceder a esta titulaci\u00f3n, se dio a partir del 2019, cuando desde el Municipio se decidi\u00f3 poner todo a disposici\u00f3n, para que los estudiantes puedan cursar tan importante y convocante Tecnicatura en General Alvear.<\/strong><\/span><\/h4>\n<p><span style=\"color: #000000;\">Del acto participaron el intendente Walther Marcolini, la Secretaria Acad\u00e9mica de la Universidad Nacional de Cuyo Mariana Castiglia, el Secretario de Gobierno Mariano Varela y la Directora de Educaci\u00f3n Roxana Molero, quien manifest\u00f3: \u201c<strong><em>Tras tres a\u00f1os y medio en el que los chicos han estado cursando, llegamos al final de esta cohorte. Muchos de nuestros egresados pertenecen al Municipio, lo que nos llena de orgullo, en primer momento cursaban dos veces por semana hasta que apareci\u00f3 la pandemia y se debi\u00f3 pasar a la virtualidad<\/em><\/strong>\u201d, dijo la funcionaria quien remarc\u00f3 las ganas de capacitarse que demostraron los egresados, adem\u00e1s record\u00f3 que existe en nuestro departamento un convenio con la Universidad de Congreso mediante la cual se cursa la Licenciatura en Ciencias de la Educaci\u00f3n, en tanto que en agosto comenzar\u00e1 el Profesorado para Profesionales, que se dictar\u00e1 netamente online y ya cuentan con varios inscriptos.<\/span><\/p>\n<p><span style=\"color: #000000;\">Por su parte, la Secretaria Acad\u00e9mica de la Universidad Nacional de Cuyo Mariana Castiglia, tambi\u00e9n se refiri\u00f3 a este gran momento para los egresados y todos los que hicieron posible que esta carrera pudiera dictarse en nuestro departamento: \u201c<strong><em>Concluir este proceso, que comenz\u00f3 en el 2019 tras un convenio con la Municipalidad de General Alvear, es una gran alegr\u00eda. Esta tecnicatura cumpli\u00f3 todas las expectativas, los profesores viajaron hasta el departamento, tuvimos el desaf\u00edo de la pandemia y redoblamos los esfuerzos, los estudiantes continuaron con sus estudios, ninguno desert\u00f3 y siguieron adelante. Ya en el 2021 trabajamos con un modelo mixto y hace poquito pudieron viajar a la sede central y cursar con compa\u00f1eros de otros municipios<\/em><\/strong>\u201d.<\/span><\/p>\n<p><span style=\"color: #000000;\">Los alumnos no pudieron ocultar su emoci\u00f3n tras este acto de egresados, fue el caso de Jos\u00e9 Molero, quien con 50 a\u00f1os pudo recibirse: \u201c<strong><em>Fue un gran esfuerzo y tengo que agradecer a mi familia por el acompa\u00f1amiento, especialmente a mis hijos ya que uno deja de lado muchas cosas, pero vali\u00f3 la pena el esfuerzo<\/em><\/strong>\u201d. En la misma l\u00ednea se expres\u00f3 Cecilia Seniuk: \u201c<strong><em>Realmente estamos contentos y felices por este logro, uno cuando empieza una carrera va con un poco de miedo, pero al estar trabajando en la parte p\u00fablica<\/em><\/strong>\u201d.<\/span><\/p>\n","protected":false},"excerpt":{"rendered":"<p>En el Cine Teatro Antonio Lafalla, 62 alvearenses recibieron su t\u00edtulo de la Tecnicatura Universitaria en Gesti\u00f3n y Administraci\u00f3n en Instituciones &#8230;<\/p>\n","protected":false},"author":8,"featured_media":110669,"comment_status":"open","ping_status":"open","sticky":false,"template":"","format":"standard","meta":{"footnotes":""},"categories":[5,18],"tags":[],"class_list":["post-110666","post","type-post","status-publish","format-standard","has-post-thumbnail","hentry","category-actualidad","category-educacion"],"_links":{"self":[{"href":"https:\/\/vinasfm.com\/noticias\/wp-json\/wp\/v2\/posts\/110666","targetHints":{"allow":["GET"]}}],"collection":[{"href":"https:\/\/vinasfm.com\/noticias\/wp-json\/wp\/v2\/posts"}],"about":[{"href":"https:\/\/vinasfm.com\/noticias\/wp-json\/wp\/v2\/types\/post"}],"author":[{"embeddable":true,"href":"https:\/\/vinasfm.com\/noticias\/wp-json\/wp\/v2\/users\/8"}],"replies":[{"embeddable":true,"href":"https:\/\/vinasfm.com\/noticias\/wp-json\/wp\/v2\/comments?post=110666"}],"version-history":[{"count":1,"href":"https:\/\/vinasfm.com\/noticias\/wp-json\/wp\/v2\/posts\/110666\/revisions"}],"predecessor-version":[{"id":110670,"href":"https:\/\/vinasfm.com\/noticias\/wp-json\/wp\/v2\/posts\/110666\/revisions\/110670"}],"wp:featuredmedia":[{"embeddable":true,"href":"https:\/\/vinasfm.com\/noticias\/wp-json\/wp\/v2\/media\/110669"}],"wp:attachment":[{"href":"https:\/\/vinasfm.com\/noticias\/wp-json\/wp\/v2\/media?parent=110666"}],"wp:term":[{"taxonomy":"category","embeddable":true,"href":"https:\/\/vinasfm.com\/noticias\/wp-json\/wp\/v2\/categories?post=110666"},{"taxonomy":"post_tag","embeddable":true,"href":"https:\/\/vinasfm.com\/noticias\/wp-json\/wp\/v2\/tags?post=110666"}],"curies":[{"name":"wp","href":"https:\/\/api.w.org\/{rel}","templated":true}]}}