{"id":110654,"date":"2022-07-08T08:50:46","date_gmt":"2022-07-08T11:50:46","guid":{"rendered":"http:\/\/vinasfm.com\/noticias\/?p=110654"},"modified":"2022-07-11T08:57:17","modified_gmt":"2022-07-11T11:57:17","slug":"todo-listo-para-celebrar-el-206-aniversario-de-la-independencia","status":"publish","type":"post","link":"https:\/\/vinasfm.com\/noticias\/todo-listo-para-celebrar-el-206-aniversario-de-la-independencia\/","title":{"rendered":"TODO LISTO PARA CELEBRAR EL 206\u00b0 ANIVERSARIO DE LA DECLARACI\u00d3N DE INDEPENDENCIA"},"content":{"rendered":"<h4><span style=\"color: #000000;\"><strong>El Secretario de Gobierno Mariano Varela invit\u00f3 a todos los vecinos del Departamento a ser parte de los actos programados por el D\u00eda de la Independencia de nuestro Pa\u00eds, que se realizar\u00e1n en la plaza Carlos Mar\u00eda de Alvear. El viernes se realizar\u00e1 la Velada Patri\u00f3tica en el Antonio Lafalla.<\/strong><\/span><\/h4>\n<p><span style=\"color: #000000;\">\u201c<strong><em>Este viernes tenemos la Velada patri\u00f3tica y el festejo por el 4\u00b0 Aniversario del Cine Teatro Antonio Lafalla. A las 21hs se presentar\u00e1 Enzo de Lucca y Los Negroni, Al Sur Tango y Jimena Semiz. Van a cantar el Himno nacional al culminar el espect\u00e1culo a las 00hs, en el Teatro Antonio Lafalla. Este evento es gratuito, por ello, quienes quieran participar deben ir con tiempo<\/em><\/strong>\u201d, manifest\u00f3 el Secretario de Gobierno Mariano Varela.<\/span><\/p>\n<p><span style=\"color: #000000;\">El s\u00e1bado 9 de julio se va a celebrar la Declaraci\u00f3n de la Independencia de Argentina, en este marco, <strong>a las 10:30 hs se llevar\u00e1 a cabo el Te Deum en la Parroquia Sagrado Coraz\u00f3n de Jes\u00fas<\/strong>, a las <strong>11 hs tendr\u00e1 lugar el acto en la plaza departamental Carlos Mar\u00eda de Alvear<\/strong>. Luego habr\u00e1 un chocolate patrio y un espect\u00e1culo en vivo a cargo del Ballet Municipal: \u201c<strong><em>Esperamos a todos los vecinos en este d\u00eda especial, cuando Argentina deja de ser colonia espa\u00f1ola<\/em><\/strong>\u201d, concluy\u00f3 el funcionario.<\/span><\/p>\n","protected":false},"excerpt":{"rendered":"<p>El Secretario de Gobierno Mariano Varela invit\u00f3 a todos los vecinos del Departamento a ser parte de los actos programados por &#8230;<\/p>\n","protected":false},"author":8,"featured_media":110658,"comment_status":"open","ping_status":"open","sticky":false,"template":"","format":"standard","meta":{"footnotes":""},"categories":[5,10],"tags":[],"class_list":["post-110654","post","type-post","status-publish","format-standard","has-post-thumbnail","hentry","category-actualidad","category-destacadas"],"_links":{"self":[{"href":"https:\/\/vinasfm.com\/noticias\/wp-json\/wp\/v2\/posts\/110654","targetHints":{"allow":["GET"]}}],"collection":[{"href":"https:\/\/vinasfm.com\/noticias\/wp-json\/wp\/v2\/posts"}],"about":[{"href":"https:\/\/vinasfm.com\/noticias\/wp-json\/wp\/v2\/types\/post"}],"author":[{"embeddable":true,"href":"https:\/\/vinasfm.com\/noticias\/wp-json\/wp\/v2\/users\/8"}],"replies":[{"embeddable":true,"href":"https:\/\/vinasfm.com\/noticias\/wp-json\/wp\/v2\/comments?post=110654"}],"version-history":[{"count":2,"href":"https:\/\/vinasfm.com\/noticias\/wp-json\/wp\/v2\/posts\/110654\/revisions"}],"predecessor-version":[{"id":110677,"href":"https:\/\/vinasfm.com\/noticias\/wp-json\/wp\/v2\/posts\/110654\/revisions\/110677"}],"wp:featuredmedia":[{"embeddable":true,"href":"https:\/\/vinasfm.com\/noticias\/wp-json\/wp\/v2\/media\/110658"}],"wp:attachment":[{"href":"https:\/\/vinasfm.com\/noticias\/wp-json\/wp\/v2\/media?parent=110654"}],"wp:term":[{"taxonomy":"category","embeddable":true,"href":"https:\/\/vinasfm.com\/noticias\/wp-json\/wp\/v2\/categories?post=110654"},{"taxonomy":"post_tag","embeddable":true,"href":"https:\/\/vinasfm.com\/noticias\/wp-json\/wp\/v2\/tags?post=110654"}],"curies":[{"name":"wp","href":"https:\/\/api.w.org\/{rel}","templated":true}]}}