{"id":110625,"date":"2022-07-07T09:11:40","date_gmt":"2022-07-07T12:11:40","guid":{"rendered":"http:\/\/vinasfm.com\/noticias\/?p=110625"},"modified":"2022-07-09T11:04:15","modified_gmt":"2022-07-09T14:04:15","slug":"familia-oriunda-de-la-plata-sufrio-un-tragico-accidente-en-ruta-188","status":"publish","type":"post","link":"https:\/\/vinasfm.com\/noticias\/familia-oriunda-de-la-plata-sufrio-un-tragico-accidente-en-ruta-188\/","title":{"rendered":"FAMILIA ORIUNDA DE LA PLATA SUFRI\u00d3 UN TR\u00c1GICO ACCIDENTE EN RUTA 188"},"content":{"rendered":"<h4><span style=\"color: #000000;\"><strong>Una mujer, oriunda de Buenos Aires, perdi\u00f3 la vida en la ma\u00f1ana de este mi\u00e9rcoles tras volcar su auto en la Ruta 188, a la altura del kil\u00f3metro 746 de General Alvear. La v\u00edctima fatal fue identificada como Valeria Arroyo\u00a0y viv\u00eda en La Plata. Al momento del accidente viajaba junto a su esposo y su hija.<\/strong><\/span><\/h4>\n<p><span style=\"color: #000000;\">El hecho ocurri\u00f3<strong> alrededor de las 10.30hs cuando un auto VW Sandero circulaba por Ruta 188 de este a oeste<\/strong> y al llegar al<strong> Km 746<\/strong> por razones que se desconocen, <strong>perdi\u00f3 el dominio y volc\u00f3 sobre la banquina del costado Sur<\/strong>. El personal que arrib\u00f3 al lugar, inform\u00f3 que <strong>la mujer sali\u00f3 despedida del veh\u00edculo en el momento del vuelco.<\/strong><\/span><\/p>\n<p><span style=\"color: #000000;\">En cuanto a las otras v\u00edctimas, <strong>el hombre y la ni\u00f1a fueron trasladados al\u00a0Hospital Enfermeros Argentinos para su asistencia<\/strong>. La menor revest\u00eda <strong><em>politraumatismos leves<\/em><\/strong> mientras que conductor fue diagnosticado con <strong><em>politraumatismos y escoriaciones leves<\/em><\/strong> por lo que quedaron internados en observaci\u00f3n para contenci\u00f3n psicol\u00f3gica.<\/span><\/p>\n","protected":false},"excerpt":{"rendered":"<p>Una mujer, oriunda de Buenos Aires, perdi\u00f3 la vida en la ma\u00f1ana de este mi\u00e9rcoles tras volcar su auto en la &#8230;<\/p>\n","protected":false},"author":8,"featured_media":110626,"comment_status":"open","ping_status":"open","sticky":false,"template":"","format":"standard","meta":{"footnotes":""},"categories":[5,4],"tags":[],"class_list":["post-110625","post","type-post","status-publish","format-standard","has-post-thumbnail","hentry","category-actualidad","category-policiales"],"_links":{"self":[{"href":"https:\/\/vinasfm.com\/noticias\/wp-json\/wp\/v2\/posts\/110625","targetHints":{"allow":["GET"]}}],"collection":[{"href":"https:\/\/vinasfm.com\/noticias\/wp-json\/wp\/v2\/posts"}],"about":[{"href":"https:\/\/vinasfm.com\/noticias\/wp-json\/wp\/v2\/types\/post"}],"author":[{"embeddable":true,"href":"https:\/\/vinasfm.com\/noticias\/wp-json\/wp\/v2\/users\/8"}],"replies":[{"embeddable":true,"href":"https:\/\/vinasfm.com\/noticias\/wp-json\/wp\/v2\/comments?post=110625"}],"version-history":[{"count":3,"href":"https:\/\/vinasfm.com\/noticias\/wp-json\/wp\/v2\/posts\/110625\/revisions"}],"predecessor-version":[{"id":110630,"href":"https:\/\/vinasfm.com\/noticias\/wp-json\/wp\/v2\/posts\/110625\/revisions\/110630"}],"wp:featuredmedia":[{"embeddable":true,"href":"https:\/\/vinasfm.com\/noticias\/wp-json\/wp\/v2\/media\/110626"}],"wp:attachment":[{"href":"https:\/\/vinasfm.com\/noticias\/wp-json\/wp\/v2\/media?parent=110625"}],"wp:term":[{"taxonomy":"category","embeddable":true,"href":"https:\/\/vinasfm.com\/noticias\/wp-json\/wp\/v2\/categories?post=110625"},{"taxonomy":"post_tag","embeddable":true,"href":"https:\/\/vinasfm.com\/noticias\/wp-json\/wp\/v2\/tags?post=110625"}],"curies":[{"name":"wp","href":"https:\/\/api.w.org\/{rel}","templated":true}]}}