{"id":110616,"date":"2022-07-08T23:58:45","date_gmt":"2022-07-09T02:58:45","guid":{"rendered":"http:\/\/vinasfm.com\/noticias\/?p=110616"},"modified":"2022-07-11T09:48:42","modified_gmt":"2022-07-11T12:48:42","slug":"con-la-presentacion-de-un-nuevo-tractor-se-suman-mas-beneficios-para-productores-locales","status":"publish","type":"post","link":"https:\/\/vinasfm.com\/noticias\/con-la-presentacion-de-un-nuevo-tractor-se-suman-mas-beneficios-para-productores-locales\/","title":{"rendered":"CON LA PRESENTACI\u00d3N DE UN NUEVO TRACTOR, SE SUMAN M\u00c1S BENEFICIOS PARA PRODUCTORES LOCALES"},"content":{"rendered":"<h4><span style=\"color: #000000;\"><strong>En Bodega Fara\u00f3n, el Intendente Walther Marcolini junto al Secretario de Desarrollo y Promoci\u00f3n Departamental Carlos Ponce y el Director de Agricultura, Ganader\u00eda y Faena Agust\u00edn Anzorena presentaron un nuevo Tractor 0 KM marca Pauny de 83HP 4&#215;4, una nueva incorporaci\u00f3n del Centro de Servicio Agr\u00edcola Comunitario, por un valor de $6.270.000. Adem\u00e1s anunciaron la ampliaci\u00f3n del Programa de Carne de Cerdo con Fines Sociales.<\/strong><\/span><\/h4>\n<p><span style=\"color: #000000;\">El <strong>intendente Walther Marcolini<\/strong> se refiri\u00f3 a la presentaci\u00f3n de este tractor que fortalece el Centro de Servicio Agr\u00edcola y es en beneficio de todos los agricultores: \u201c<strong><em>Seguimos el criterio de descentralizaci\u00f3n que llevamos adelante en esta gesti\u00f3n. Esto responde a una decisi\u00f3n pol\u00edtica de administrar con austeridad y mantener la tasa de inversi\u00f3n por encima, a la vez de bajar el gasto operativo, lo que no es sencillo en un contexto de crisis, pero se pudo hacer y hoy es una realidad<\/em><\/strong>\u201d, explic\u00f3 el Jefe Comunal quien agreg\u00f3 que en los pr\u00f3ximos d\u00edas se acceder\u00e1 a una financiaci\u00f3n para otros veh\u00edculos de trabajo como mini cargadoras y retroexcavadoras, siempre y cuando puedan ser financiados por el Municipio sin impactar en la situaci\u00f3n financiera.<\/span><\/p>\n<p><span style=\"color: #000000;\">De esta manera, el <strong>Centro de Servicios<\/strong>, cuenta ahora con cuatro tractores, una camioneta, una atomizadora, una limpiadora de semilla, una clasificadora de ciruela y otras herramientas, que est\u00e1n a disposici\u00f3n de peque\u00f1os productores locales de hasta 10 ha, con el objetivo de fortalecer la pol\u00edtica de arraigo rural. Cada productor puede contratar el servicio de tractor, por un m\u00e1ximo de 4 hs mensuales a un precio de $ 2.100 p\/hs, lo cual representa menos del 50% aproximadamente, del valor de mercado actual en prestadores de servicios privados similares.<\/span><\/p>\n<p><span style=\"color: #000000;\">El <strong>Secretario de Desarrollo Econ\u00f3mico y Promoci\u00f3n Departamental Carlos Ponce<\/strong>, brind\u00f3 m\u00e1s detalles acerca de la incorporaci\u00f3n de esta nueva unidad: \u201c<strong><em>Hemos pasado por un proceso de actualizaci\u00f3n de las unidades, esta es parte de las maquinarias con las que contamos. Ya se han ejecutado casi 600 hs en lo que va del a\u00f1o, beneficiando a 200 productores y queremos llegar a 2000 hs ejecutadas<\/em><\/strong>\u201d. Para solicitar el servicio, los interesados pueden acercarse a las oficinas de Agricultura, en calle Sarmiento 32. En Bowen, en las instalaciones del TecnoSum, y en Carmensa en la delegaci\u00f3n Municipal.<\/span><\/p>\n<p><span style=\"color: #000000;\">Acerca del <strong>Programa de Carne de Cerdo con Fines Sociales<\/strong>, el intendente explic\u00f3 que: \u201c<strong><em>Recibimos un aporte de la Provincia de tres millones de pesos que servir\u00e1n para fortalecer a seis productores y que estos emprendimientos se transformen en peque\u00f1as PyMes que permita a los emprendedores consolidarse en la producci\u00f3n porcina en el departamento<\/em><\/strong>\u201d. Es importante destacar que este programa tiene un profundo concepto social, es decir que el productor recibe un cr\u00e9dito blando que paga con carne porcina que despu\u00e9s es destinado a comedores.<\/span><\/p>\n","protected":false},"excerpt":{"rendered":"<p>En Bodega Fara\u00f3n, el Intendente Walther Marcolini junto al Secretario de Desarrollo y Promoci\u00f3n Departamental Carlos Ponce y el Director de &#8230;<\/p>\n","protected":false},"author":8,"featured_media":110617,"comment_status":"open","ping_status":"open","sticky":false,"template":"","format":"standard","meta":{"footnotes":""},"categories":[5,14],"tags":[],"class_list":["post-110616","post","type-post","status-publish","format-standard","has-post-thumbnail","hentry","category-actualidad","category-agro"],"_links":{"self":[{"href":"https:\/\/vinasfm.com\/noticias\/wp-json\/wp\/v2\/posts\/110616","targetHints":{"allow":["GET"]}}],"collection":[{"href":"https:\/\/vinasfm.com\/noticias\/wp-json\/wp\/v2\/posts"}],"about":[{"href":"https:\/\/vinasfm.com\/noticias\/wp-json\/wp\/v2\/types\/post"}],"author":[{"embeddable":true,"href":"https:\/\/vinasfm.com\/noticias\/wp-json\/wp\/v2\/users\/8"}],"replies":[{"embeddable":true,"href":"https:\/\/vinasfm.com\/noticias\/wp-json\/wp\/v2\/comments?post=110616"}],"version-history":[{"count":3,"href":"https:\/\/vinasfm.com\/noticias\/wp-json\/wp\/v2\/posts\/110616\/revisions"}],"predecessor-version":[{"id":110742,"href":"https:\/\/vinasfm.com\/noticias\/wp-json\/wp\/v2\/posts\/110616\/revisions\/110742"}],"wp:featuredmedia":[{"embeddable":true,"href":"https:\/\/vinasfm.com\/noticias\/wp-json\/wp\/v2\/media\/110617"}],"wp:attachment":[{"href":"https:\/\/vinasfm.com\/noticias\/wp-json\/wp\/v2\/media?parent=110616"}],"wp:term":[{"taxonomy":"category","embeddable":true,"href":"https:\/\/vinasfm.com\/noticias\/wp-json\/wp\/v2\/categories?post=110616"},{"taxonomy":"post_tag","embeddable":true,"href":"https:\/\/vinasfm.com\/noticias\/wp-json\/wp\/v2\/tags?post=110616"}],"curies":[{"name":"wp","href":"https:\/\/api.w.org\/{rel}","templated":true}]}}