{"id":110474,"date":"2022-07-04T00:01:58","date_gmt":"2022-07-04T03:01:58","guid":{"rendered":"http:\/\/vinasfm.com\/noticias\/?p=110474"},"modified":"2022-07-05T09:16:37","modified_gmt":"2022-07-05T12:16:37","slug":"esta-grave-una-mujer-que-se-habria-disparado-con-el-arma-policial-de-su-pareja","status":"publish","type":"post","link":"https:\/\/vinasfm.com\/noticias\/esta-grave-una-mujer-que-se-habria-disparado-con-el-arma-policial-de-su-pareja\/","title":{"rendered":"EST\u00c1 GRAVE UNA MUJER QUE SE HABR\u00cdA DISPARADO CON EL ARMA POLICIAL DE SU PAREJA"},"content":{"rendered":"<p><span style=\"color: #000000;\">La mujer que en principio<strong> se cree que se dispar\u00f3 con el arma policial de su pareja el s\u00e1bado a la noche en su casa de las inmediaciones de Independencia y Chaco de General Alvear<\/strong>\u00a0tuvo que ser operada dos veces en el hospital Schestakow porque <strong>la bala aparentemente afect\u00f3 los intestinos y qued\u00f3 internada en la Unidad de Terapia Intensiva<\/strong>.<\/span><\/p>\n<p><span style=\"color: #000000;\">Seg\u00fan la primera versi\u00f3n, <strong>la mujer habr\u00eda tomado el arma de su pareja<\/strong>, un polic\u00eda que presta servicios en Alvear, y <strong>se dispar\u00f3 en el ba\u00f1o de la vivienda<\/strong>.<\/span><\/p>\n<p><span style=\"color: #000000;\">No obstante, se esperan los resultados de las pericias correspondientes, entre ellas e<strong>l barrido electr\u00f3nico de las manos de la mujer y del hombre para determinar qui\u00e9n manipul\u00f3 el arma de fuego<\/strong>, lo que traer\u00e1 claridad a este confuso hecho. En tanto que <strong>el polic\u00eda qued\u00f3 aprehendido a modo preventivo y por el momento no est\u00e1 imputado de ning\u00fan delito<\/strong>.<\/span><\/p>\n","protected":false},"excerpt":{"rendered":"<p>La mujer que en principio se cree que se dispar\u00f3 con el arma policial de su pareja el s\u00e1bado a la &#8230;<\/p>\n","protected":false},"author":8,"featured_media":63435,"comment_status":"open","ping_status":"open","sticky":false,"template":"","format":"standard","meta":{"footnotes":""},"categories":[5,4],"tags":[],"class_list":["post-110474","post","type-post","status-publish","format-standard","has-post-thumbnail","hentry","category-actualidad","category-policiales"],"_links":{"self":[{"href":"https:\/\/vinasfm.com\/noticias\/wp-json\/wp\/v2\/posts\/110474","targetHints":{"allow":["GET"]}}],"collection":[{"href":"https:\/\/vinasfm.com\/noticias\/wp-json\/wp\/v2\/posts"}],"about":[{"href":"https:\/\/vinasfm.com\/noticias\/wp-json\/wp\/v2\/types\/post"}],"author":[{"embeddable":true,"href":"https:\/\/vinasfm.com\/noticias\/wp-json\/wp\/v2\/users\/8"}],"replies":[{"embeddable":true,"href":"https:\/\/vinasfm.com\/noticias\/wp-json\/wp\/v2\/comments?post=110474"}],"version-history":[{"count":6,"href":"https:\/\/vinasfm.com\/noticias\/wp-json\/wp\/v2\/posts\/110474\/revisions"}],"predecessor-version":[{"id":110485,"href":"https:\/\/vinasfm.com\/noticias\/wp-json\/wp\/v2\/posts\/110474\/revisions\/110485"}],"wp:featuredmedia":[{"embeddable":true,"href":"https:\/\/vinasfm.com\/noticias\/wp-json\/wp\/v2\/media\/63435"}],"wp:attachment":[{"href":"https:\/\/vinasfm.com\/noticias\/wp-json\/wp\/v2\/media?parent=110474"}],"wp:term":[{"taxonomy":"category","embeddable":true,"href":"https:\/\/vinasfm.com\/noticias\/wp-json\/wp\/v2\/categories?post=110474"},{"taxonomy":"post_tag","embeddable":true,"href":"https:\/\/vinasfm.com\/noticias\/wp-json\/wp\/v2\/tags?post=110474"}],"curies":[{"name":"wp","href":"https:\/\/api.w.org\/{rel}","templated":true}]}}