{"id":110470,"date":"2022-07-04T09:11:29","date_gmt":"2022-07-04T12:11:29","guid":{"rendered":"http:\/\/vinasfm.com\/noticias\/?p=110470"},"modified":"2022-07-05T10:45:28","modified_gmt":"2022-07-05T13:45:28","slug":"en-una-discusion-un-hombre-apunalo-a-otro-en-monte-coman","status":"publish","type":"post","link":"https:\/\/vinasfm.com\/noticias\/en-una-discusion-un-hombre-apunalo-a-otro-en-monte-coman\/","title":{"rendered":"EN UNA DISCUSI\u00d3N, UN HOMBRE APU\u00d1AL\u00d3 A OTRO EN MONTE COM\u00c1N"},"content":{"rendered":"<h4><strong><span style=\"color: #000000;\">Un hombre fue apu\u00f1alado el s\u00e1bado a la noche en Monte Com\u00e1n en el marco de una discusi\u00f3n. <\/span><\/strong><\/h4>\n<p><span style=\"color: #000000;\">Seg\u00fan inform\u00f3 la <strong>Distrital Dos<\/strong> el hecho se registr\u00f3 en una vivienda de <strong>calle Belgrano<\/strong> de ese distrito minutos antes de las <strong>22hs<\/strong> cuando la v\u00edctima lleg\u00f3 al lugar y comenz\u00f3 una discusi\u00f3n con su ex pareja.<\/span><\/p>\n<p><span style=\"color: #000000;\">Ese contexto <strong>otro hombre que estaba all\u00ed le asest\u00f3 la apu\u00f1alada y le caus\u00f3 una herida cortante en el costado izquierdo del t\u00f3rax<\/strong>, por lo que fue trasladado al hospital y qued\u00f3 internado en una sala del tercer piso. <\/span><\/p>\n<p><span style=\"color: #000000;\">Al agresor se le abri\u00f3 una causa por \u201c<strong><em>lesiones con arma blanca<\/em><\/strong>\u201d en la oficina fiscal de la Comisar\u00eda 64.<\/span><\/p>\n","protected":false},"excerpt":{"rendered":"<p>Un hombre fue apu\u00f1alado el s\u00e1bado a la noche en Monte Com\u00e1n en el marco de una discusi\u00f3n. Seg\u00fan inform\u00f3 la &#8230;<\/p>\n","protected":false},"author":8,"featured_media":63002,"comment_status":"open","ping_status":"open","sticky":false,"template":"","format":"standard","meta":{"footnotes":""},"categories":[5,4],"tags":[],"class_list":["post-110470","post","type-post","status-publish","format-standard","has-post-thumbnail","hentry","category-actualidad","category-policiales"],"_links":{"self":[{"href":"https:\/\/vinasfm.com\/noticias\/wp-json\/wp\/v2\/posts\/110470","targetHints":{"allow":["GET"]}}],"collection":[{"href":"https:\/\/vinasfm.com\/noticias\/wp-json\/wp\/v2\/posts"}],"about":[{"href":"https:\/\/vinasfm.com\/noticias\/wp-json\/wp\/v2\/types\/post"}],"author":[{"embeddable":true,"href":"https:\/\/vinasfm.com\/noticias\/wp-json\/wp\/v2\/users\/8"}],"replies":[{"embeddable":true,"href":"https:\/\/vinasfm.com\/noticias\/wp-json\/wp\/v2\/comments?post=110470"}],"version-history":[{"count":2,"href":"https:\/\/vinasfm.com\/noticias\/wp-json\/wp\/v2\/posts\/110470\/revisions"}],"predecessor-version":[{"id":110472,"href":"https:\/\/vinasfm.com\/noticias\/wp-json\/wp\/v2\/posts\/110470\/revisions\/110472"}],"wp:featuredmedia":[{"embeddable":true,"href":"https:\/\/vinasfm.com\/noticias\/wp-json\/wp\/v2\/media\/63002"}],"wp:attachment":[{"href":"https:\/\/vinasfm.com\/noticias\/wp-json\/wp\/v2\/media?parent=110470"}],"wp:term":[{"taxonomy":"category","embeddable":true,"href":"https:\/\/vinasfm.com\/noticias\/wp-json\/wp\/v2\/categories?post=110470"},{"taxonomy":"post_tag","embeddable":true,"href":"https:\/\/vinasfm.com\/noticias\/wp-json\/wp\/v2\/tags?post=110470"}],"curies":[{"name":"wp","href":"https:\/\/api.w.org\/{rel}","templated":true}]}}