{"id":110449,"date":"2022-07-04T00:20:00","date_gmt":"2022-07-04T03:20:00","guid":{"rendered":"http:\/\/vinasfm.com\/noticias\/?p=110449"},"modified":"2022-07-04T09:15:19","modified_gmt":"2022-07-04T12:15:19","slug":"se-realizaron-actividades-preventivas-en-conjunto-con-la-policia-de-mendoza","status":"publish","type":"post","link":"https:\/\/vinasfm.com\/noticias\/se-realizaron-actividades-preventivas-en-conjunto-con-la-policia-de-mendoza\/","title":{"rendered":"SE REALIZARON ACTIVIDADES PREVENTIVAS EN CONJUNTO CON LA POLIC\u00cdA FEDERAL"},"content":{"rendered":"<p><span style=\"color: #000000;\"><strong>Luego de la reuni\u00f3n mantenida por el Intendente Walther Marcolini con los Jefes de la Polic\u00eda Federal en la que el cuerpo policial se comprometi\u00f3 a prestar apoyo a la Polic\u00eda de Mendoza y desarrollar diferentes actividades preventivas en el Departamento<\/strong><\/span><\/p>\n<p><span style=\"color: #000000;\">El lunes 27 de junio se llevo acabo esta reuni\u00f3n en el departamento de San Rafael, donde luego agentes federales realizaron controles en diversos puntos de General Alvear, y fueron acompa\u00f1ados por el Coordinador del Consejo Departamental de Seguridad V\u00edctor Ureta. Estas actividades continuaran en el departamento con el objetivo de reducir la inseguridad.<\/span><\/p>\n<p><span style=\"color: #000000;\">L.L.<\/span><\/p>\n","protected":false},"excerpt":{"rendered":"<p>Luego de la reuni\u00f3n mantenida por el Intendente Walther Marcolini con los Jefes de la Polic\u00eda Federal en la que el &#8230;<\/p>\n","protected":false},"author":7,"featured_media":110450,"comment_status":"open","ping_status":"open","sticky":false,"template":"","format":"standard","meta":{"footnotes":""},"categories":[5,33],"tags":[],"class_list":["post-110449","post","type-post","status-publish","format-standard","has-post-thumbnail","hentry","category-actualidad","category-seguridad"],"_links":{"self":[{"href":"https:\/\/vinasfm.com\/noticias\/wp-json\/wp\/v2\/posts\/110449","targetHints":{"allow":["GET"]}}],"collection":[{"href":"https:\/\/vinasfm.com\/noticias\/wp-json\/wp\/v2\/posts"}],"about":[{"href":"https:\/\/vinasfm.com\/noticias\/wp-json\/wp\/v2\/types\/post"}],"author":[{"embeddable":true,"href":"https:\/\/vinasfm.com\/noticias\/wp-json\/wp\/v2\/users\/7"}],"replies":[{"embeddable":true,"href":"https:\/\/vinasfm.com\/noticias\/wp-json\/wp\/v2\/comments?post=110449"}],"version-history":[{"count":4,"href":"https:\/\/vinasfm.com\/noticias\/wp-json\/wp\/v2\/posts\/110449\/revisions"}],"predecessor-version":[{"id":110478,"href":"https:\/\/vinasfm.com\/noticias\/wp-json\/wp\/v2\/posts\/110449\/revisions\/110478"}],"wp:featuredmedia":[{"embeddable":true,"href":"https:\/\/vinasfm.com\/noticias\/wp-json\/wp\/v2\/media\/110450"}],"wp:attachment":[{"href":"https:\/\/vinasfm.com\/noticias\/wp-json\/wp\/v2\/media?parent=110449"}],"wp:term":[{"taxonomy":"category","embeddable":true,"href":"https:\/\/vinasfm.com\/noticias\/wp-json\/wp\/v2\/categories?post=110449"},{"taxonomy":"post_tag","embeddable":true,"href":"https:\/\/vinasfm.com\/noticias\/wp-json\/wp\/v2\/tags?post=110449"}],"curies":[{"name":"wp","href":"https:\/\/api.w.org\/{rel}","templated":true}]}}