{"id":110433,"date":"2022-07-03T00:01:17","date_gmt":"2022-07-03T03:01:17","guid":{"rendered":"http:\/\/vinasfm.com\/noticias\/?p=110433"},"modified":"2022-07-04T09:14:56","modified_gmt":"2022-07-04T12:14:56","slug":"cecsagal-celebra-un-nuevo-dia-internacional-de-las-cooperativas","status":"publish","type":"post","link":"https:\/\/vinasfm.com\/noticias\/cecsagal-celebra-un-nuevo-dia-internacional-de-las-cooperativas\/","title":{"rendered":"CECSAGAL CELEBR\u00d3 UN NUEVO D\u00cdA INTERNACIONAL DE LAS COOPERATIVAS"},"content":{"rendered":"<h4><span style=\"color: #000000;\"><strong>Este a\u00f1o, el movimiento cooperativo celebra el 100\u00b0 D\u00eda Internacional de las Cooperativas. Por resoluci\u00f3n de la Asamblea General de las Naciones Unidas, desde 1995 se instituy\u00f3 el primer s\u00e1bado del mes de julio de cada a\u00f1o para dicha celebraci\u00f3n.<\/strong><\/span><\/h4>\n<p><span style=\"color: #000000;\">Este s\u00e1bado 02 de Julio las cooperativas celebraron su d\u00eda, el eslogan elegido por la Alianza Cooperativa Internacional (ACI) es \u201c<strong><em>Las Cooperativas construyen un mundo mejor<\/em><\/strong>\u201d. En este marco, Cecsagal aparece como una de las cooperativas emblema de la regi\u00f3n, aportando a trav\u00e9s de sus servicios, respuestas a cada uno de los asociados y usuarios: \u00ab<strong><em>En estos a\u00f1os se expuso ante los ojos del planeta entero c\u00f3mo las cooperativas contribuyen de manera \u00fanica a la construcci\u00f3n de un mundo mejor, por eso celebramos la edici\u00f3n n\u00famero cien del D\u00eda Internacional de las Cooperativas<\/em><\/strong>\u00ab, expres\u00f3 el Presidente de Cecsagal H\u00e9ctor Ambrosini.<\/span><\/p>\n<p><span style=\"color: #000000;\">La <strong>Alianza Cooperativa Internacional<\/strong> invita a los cooperativistas de todo el mundo a mostrar c\u00f3mo este modelo de negocio centrado en las personas, fundado en los valores cooperativos de autoayuda, autorresponsabilidad, democracia, igualdad, equidad y solidaridad y en los valores \u00e9ticos de honradez, apertura, responsabilidad social y atenci\u00f3n a los dem\u00e1s est\u00e1 ayudando a construir un mundo mejor.<\/span><\/p>\n<p><span style=\"color: #000000;\">En tiempos de crisis, las cooperativas han demostrado ser m\u00e1s resilientes que otras empresas para sobrellevar las mismas. Es por ello que invitamos a todos los asociados y a la comunidad en general a adherirse y colaborar con este tema, donde necesitaremos del trabajo cooperativo de todos y cada uno de nosotros para seguir avanzando hacia un mundo mejor: \u00ab<strong><em>Siempre tenemos en cuenta los principios cooperativos, de igualdad, solidaridad, ayuda mutua, demostrando siempre la resiliencia que tiene el cooperativismo<\/em><\/strong>\u00ab, remarc\u00f3 el Vicepresidente de Cecsagal Gustavo Rubio.<\/span><\/p>\n","protected":false},"excerpt":{"rendered":"<p>Este a\u00f1o, el movimiento cooperativo celebra el 100\u00b0 D\u00eda Internacional de las Cooperativas. Por resoluci\u00f3n de la Asamblea General de las &#8230;<\/p>\n","protected":false},"author":8,"featured_media":110434,"comment_status":"open","ping_status":"open","sticky":false,"template":"","format":"standard","meta":{"footnotes":""},"categories":[5,60],"tags":[],"class_list":["post-110433","post","type-post","status-publish","format-standard","has-post-thumbnail","hentry","category-actualidad","category-cecsagal"],"_links":{"self":[{"href":"https:\/\/vinasfm.com\/noticias\/wp-json\/wp\/v2\/posts\/110433","targetHints":{"allow":["GET"]}}],"collection":[{"href":"https:\/\/vinasfm.com\/noticias\/wp-json\/wp\/v2\/posts"}],"about":[{"href":"https:\/\/vinasfm.com\/noticias\/wp-json\/wp\/v2\/types\/post"}],"author":[{"embeddable":true,"href":"https:\/\/vinasfm.com\/noticias\/wp-json\/wp\/v2\/users\/8"}],"replies":[{"embeddable":true,"href":"https:\/\/vinasfm.com\/noticias\/wp-json\/wp\/v2\/comments?post=110433"}],"version-history":[{"count":2,"href":"https:\/\/vinasfm.com\/noticias\/wp-json\/wp\/v2\/posts\/110433\/revisions"}],"predecessor-version":[{"id":110477,"href":"https:\/\/vinasfm.com\/noticias\/wp-json\/wp\/v2\/posts\/110433\/revisions\/110477"}],"wp:featuredmedia":[{"embeddable":true,"href":"https:\/\/vinasfm.com\/noticias\/wp-json\/wp\/v2\/media\/110434"}],"wp:attachment":[{"href":"https:\/\/vinasfm.com\/noticias\/wp-json\/wp\/v2\/media?parent=110433"}],"wp:term":[{"taxonomy":"category","embeddable":true,"href":"https:\/\/vinasfm.com\/noticias\/wp-json\/wp\/v2\/categories?post=110433"},{"taxonomy":"post_tag","embeddable":true,"href":"https:\/\/vinasfm.com\/noticias\/wp-json\/wp\/v2\/tags?post=110433"}],"curies":[{"name":"wp","href":"https:\/\/api.w.org\/{rel}","templated":true}]}}