{"id":110423,"date":"2022-07-03T23:59:39","date_gmt":"2022-07-04T02:59:39","guid":{"rendered":"http:\/\/vinasfm.com\/noticias\/?p=110423"},"modified":"2022-07-05T08:45:13","modified_gmt":"2022-07-05T11:45:13","slug":"alvear-cuenta-con-una-oficina-de-entes-reguladores-de-gas-y-electricidad","status":"publish","type":"post","link":"https:\/\/vinasfm.com\/noticias\/alvear-cuenta-con-una-oficina-de-entes-reguladores-de-gas-y-electricidad\/","title":{"rendered":"ALVEAR CUENTA CON UNA OFICINA DE ENTES REGULADORES DE GAS Y ELECTRICIDAD"},"content":{"rendered":"<h4><span style=\"color: #000000;\"><strong>En la oficina del Epre, ubicada en Paso de Los Andes 476, el Secretario de Gobierno Mariano Varela dio detalles de los servicios que presta la mencionada oficina, como el asesoramiento para la adhesi\u00f3n a tarifas sociales.<\/strong><\/span><\/h4>\n<p><span style=\"color: #000000;\">La oficina de los entes reguladores es donde los vecinos deben acercarse en caso de tener un reclamo, en cuanto a la factura de electricidad o de gas. Tambi\u00e9n <strong>se pueden informar acerca de la tarifa social y de la segmentaci\u00f3n o degradaci\u00f3n de los niveles de las facturas a nivel nacional, de gas o de electricidad<\/strong>.<\/span><\/p>\n<p><span style=\"color: #000000;\">\u201c<strong><em>Si bien los usuarios pueden ingresar a la web www.argentina.gob.ar donde est\u00e1n los subsidios, importante es que se acerquen a la oficina municipal cuando tengan alg\u00fan problema con las tarifas y puedan informarse, dado que all\u00ed se trabaja en pos del usuario<\/em><\/strong>\u201d, se\u00f1al\u00f3 el funcionario.<\/span><\/p>\n<p><span style=\"color: #000000;\">En la oficina del EPRE hay dos personas, de <strong>lunes a viernes, de 8 a 13hs<\/strong>, encargadas de inscribir segmentaciones a nivel nacional, que son subsidios nacionales, y que est\u00e1n informadas sobre las tarifas de gas y electricidad.<\/span><\/p>\n","protected":false},"excerpt":{"rendered":"<p>En la oficina del Epre, ubicada en Paso de Los Andes 476, el Secretario de Gobierno Mariano Varela dio detalles de &#8230;<\/p>\n","protected":false},"author":8,"featured_media":110424,"comment_status":"open","ping_status":"open","sticky":false,"template":"","format":"standard","meta":{"footnotes":""},"categories":[5,10],"tags":[],"class_list":["post-110423","post","type-post","status-publish","format-standard","has-post-thumbnail","hentry","category-actualidad","category-destacadas"],"_links":{"self":[{"href":"https:\/\/vinasfm.com\/noticias\/wp-json\/wp\/v2\/posts\/110423","targetHints":{"allow":["GET"]}}],"collection":[{"href":"https:\/\/vinasfm.com\/noticias\/wp-json\/wp\/v2\/posts"}],"about":[{"href":"https:\/\/vinasfm.com\/noticias\/wp-json\/wp\/v2\/types\/post"}],"author":[{"embeddable":true,"href":"https:\/\/vinasfm.com\/noticias\/wp-json\/wp\/v2\/users\/8"}],"replies":[{"embeddable":true,"href":"https:\/\/vinasfm.com\/noticias\/wp-json\/wp\/v2\/comments?post=110423"}],"version-history":[{"count":1,"href":"https:\/\/vinasfm.com\/noticias\/wp-json\/wp\/v2\/posts\/110423\/revisions"}],"predecessor-version":[{"id":110425,"href":"https:\/\/vinasfm.com\/noticias\/wp-json\/wp\/v2\/posts\/110423\/revisions\/110425"}],"wp:featuredmedia":[{"embeddable":true,"href":"https:\/\/vinasfm.com\/noticias\/wp-json\/wp\/v2\/media\/110424"}],"wp:attachment":[{"href":"https:\/\/vinasfm.com\/noticias\/wp-json\/wp\/v2\/media?parent=110423"}],"wp:term":[{"taxonomy":"category","embeddable":true,"href":"https:\/\/vinasfm.com\/noticias\/wp-json\/wp\/v2\/categories?post=110423"},{"taxonomy":"post_tag","embeddable":true,"href":"https:\/\/vinasfm.com\/noticias\/wp-json\/wp\/v2\/tags?post=110423"}],"curies":[{"name":"wp","href":"https:\/\/api.w.org\/{rel}","templated":true}]}}