{"id":110338,"date":"2022-06-29T00:01:15","date_gmt":"2022-06-29T03:01:15","guid":{"rendered":"http:\/\/vinasfm.com\/noticias\/?p=110338"},"modified":"2022-06-29T10:25:59","modified_gmt":"2022-06-29T13:25:59","slug":"proponen-que-la-ruta-171-entre-real-del-padre-y-monte-coman-se-llame-hernan-rodriguez","status":"publish","type":"post","link":"https:\/\/vinasfm.com\/noticias\/proponen-que-la-ruta-171-entre-real-del-padre-y-monte-coman-se-llame-hernan-rodriguez\/","title":{"rendered":"PROPONEN QUE LA RUTA 171 ENTRE REAL DEL PADRE Y MONTE COM\u00c1N SE LLAME &#8216;HERN\u00c1N RODR\u00cdGUEZ&#8217;"},"content":{"rendered":"<h4><strong><span style=\"color: #000000;\">D\u00edas atr\u00e1s se conoci\u00f3 la noticia de que una escuela de Villa Atuel llevar\u00e1 el nombre del h\u00e9roe sanrafaelino del ARA San Juan \u201cHern\u00e1n Rodr\u00edguez Ramos\u201d, y ahora ingres\u00f3 un pedido a la legislatura para que se bautice con su nombre el tramo de la Ruta 171 que une Monte Com\u00e1n con Real del Padre, distrito del que el submarinista era oriundo.<\/span><\/strong><\/h4>\n<p><span style=\"color: #000000;\">\u201c<strong><em>El proyecto de ley tiene por objeto solicitar la denominaci\u00f3n con el nombre de Suboficial Hern\u00e1n Ram\u00f3n Rodr\u00edguez Ramos al tramo de la Ruta Provincial N\u00b0 171, que une los distritos de Real del Padre y Monte Coman del departamento de San Rafael<\/em><\/strong>\u201d, destaca la iniciativa presentada en la c\u00e1mara baja provincial.<\/span><\/p>\n<p><span style=\"color: #000000;\">La ruta provincial N\u00b0171 conforma el eje principal de conexi\u00f3n entre ambos distritos y posee un alto caudal de transito ya que por ella circulan veh\u00edculos particulares y tambi\u00e9n la carga pesada de gran parte de la zona productiva de General Alvear y San Rafael.<\/span><\/p>\n<p><span style=\"color: #000000;\">\u201c<strong><em>Dada la importancia que posee esta v\u00eda de transito es que solicitamos que lleve el nombre de uno de los H\u00e9roes del submarino desaparecido en el a\u00f1o 2017, el Ara San Juan. En este sentido proponemos el nombre del Suboficial Hern\u00e1n Ram\u00f3n Rodr\u00edguez Ramos, quien era residente del distrito de Real del Padre del departamento de San Rafael<\/em><\/strong>\u201d, explica la iniciativa.<\/span><\/p>\n<p><span style=\"color: #000000;\">Hern\u00e1n naci\u00f3 el 22 de febrero de 1974 y realiz\u00f3 sus estudios en la Escuela N\u00ba 1-117 \u201cJuan de Dios Correas\u201d de Real del Padre y entre 1993 y 1996, curs\u00f3 en la Escuela de Mec\u00e1nica de la Armada (ESMA) en la Ciudad de Buenos Aires.<\/span><\/p>\n<p><span style=\"color: #000000;\">En 2001 ingres\u00f3 como parte de la tripulaci\u00f3n de la Fragata Libertad, conjuntamente desempe\u00f1\u00f3 tareas como maquinista en distintos buques: Submarino ARA Santa Cruz, Aviso Comandante General Irigoyen y fue Jefe de M\u00e1quinas del Submarino ARA San Juan, participando en la Campa\u00f1a Ant\u00e1rtica entre los a\u00f1os 2012\/2013 (Base Islas Orcadas del Sur).<\/span><\/p>\n<p><span style=\"color: #000000;\">Hern\u00e1n fue uno de los 44 tripulantes del ARA San Juan que perdieron la vida el 17 de noviembre de 2018. <\/span><span style=\"color: #000000;\">\u201c<strong><em>Basta con conocer el compromiso de los tripulantes del ARA San Juan, para notar que fueron grandes h\u00e9roes de la patria. Por esto es que el mendocino, alvearense y sanrafaelino que dej\u00f3 su vida luchando por la soberan\u00eda nacional merece ser reconocido con esta denominaci\u00f3n para la ruta provincial N\u00b0171<\/em><\/strong>\u201d, destaca la propuesta.<\/span><\/p>\n<h5><span style=\"color: #000000;\"><em>Modo Noticias.<\/em><\/span><\/h5>\n","protected":false},"excerpt":{"rendered":"<p>D\u00edas atr\u00e1s se conoci\u00f3 la noticia de que una escuela de Villa Atuel llevar\u00e1 el nombre del h\u00e9roe sanrafaelino del ARA &#8230;<\/p>\n","protected":false},"author":8,"featured_media":28243,"comment_status":"open","ping_status":"open","sticky":false,"template":"","format":"standard","meta":{"footnotes":""},"categories":[5,10],"tags":[],"class_list":["post-110338","post","type-post","status-publish","format-standard","has-post-thumbnail","hentry","category-actualidad","category-destacadas"],"_links":{"self":[{"href":"https:\/\/vinasfm.com\/noticias\/wp-json\/wp\/v2\/posts\/110338","targetHints":{"allow":["GET"]}}],"collection":[{"href":"https:\/\/vinasfm.com\/noticias\/wp-json\/wp\/v2\/posts"}],"about":[{"href":"https:\/\/vinasfm.com\/noticias\/wp-json\/wp\/v2\/types\/post"}],"author":[{"embeddable":true,"href":"https:\/\/vinasfm.com\/noticias\/wp-json\/wp\/v2\/users\/8"}],"replies":[{"embeddable":true,"href":"https:\/\/vinasfm.com\/noticias\/wp-json\/wp\/v2\/comments?post=110338"}],"version-history":[{"count":1,"href":"https:\/\/vinasfm.com\/noticias\/wp-json\/wp\/v2\/posts\/110338\/revisions"}],"predecessor-version":[{"id":110342,"href":"https:\/\/vinasfm.com\/noticias\/wp-json\/wp\/v2\/posts\/110338\/revisions\/110342"}],"wp:featuredmedia":[{"embeddable":true,"href":"https:\/\/vinasfm.com\/noticias\/wp-json\/wp\/v2\/media\/28243"}],"wp:attachment":[{"href":"https:\/\/vinasfm.com\/noticias\/wp-json\/wp\/v2\/media?parent=110338"}],"wp:term":[{"taxonomy":"category","embeddable":true,"href":"https:\/\/vinasfm.com\/noticias\/wp-json\/wp\/v2\/categories?post=110338"},{"taxonomy":"post_tag","embeddable":true,"href":"https:\/\/vinasfm.com\/noticias\/wp-json\/wp\/v2\/tags?post=110338"}],"curies":[{"name":"wp","href":"https:\/\/api.w.org\/{rel}","templated":true}]}}