{"id":110336,"date":"2022-06-29T10:26:26","date_gmt":"2022-06-29T13:26:26","guid":{"rendered":"http:\/\/vinasfm.com\/noticias\/?p=110336"},"modified":"2022-06-29T10:49:38","modified_gmt":"2022-06-29T13:49:38","slug":"mostraran-como-avanza-la-soldadura-de-canos-del-gasoducto-san-rafael-general-alvear","status":"publish","type":"post","link":"https:\/\/vinasfm.com\/noticias\/mostraran-como-avanza-la-soldadura-de-canos-del-gasoducto-san-rafael-general-alvear\/","title":{"rendered":"MOSTRAR\u00c1N C\u00d3MO AVANZA LA SOLDADURA DE CA\u00d1OS DEL GASODUCTO SAN RAFAEL &#8211; GENERAL ALVEAR"},"content":{"rendered":"<h4><span style=\"color: #000000;\">Este mi\u00e9rcoles habr\u00e1 un encuentro sobre la ruta nacional 143, en el que funcionarios municipales y autoridades de Ecogas supervisar\u00e1n la soldadura de los ca\u00f1os con los que se construir\u00e1 el gasoducto San Rafael \u2013 General Alvear,<span class=\"sigijh_hlt sigijh_animateMe\">\u00a0obra que permitir\u00e1 acceder al gas natural a unos 26.000 usuarios residenciales, adem\u00e1s de emprendimientos fabriles e industriales.<\/span><\/span><\/h4>\n<p><span style=\"color: #000000;\">En el lugar tambi\u00e9n se brindaran detalles t\u00e9cnicos de la obra, cuya siguiente etapa ser\u00e1 el zanjeo que establecer\u00e1 la traza sobre la que ser\u00e1n enterrados los ca\u00f1os.<\/span><\/p>\n<p><span style=\"color: #000000;\">Los trabajos de soldadura comenzaron a la vera de la ruta que une San Rafael con el Valle de Uco, que ser\u00e1 parte del recorrido que har\u00e1 el gasoducto, cuyo punto de partida ser\u00e1 el empalme con Gasandes, unos 5 km al oeste del zanj\u00f3n La Tosca. La traza culmina en la plaza Espa\u00f1a de Ciudad.<\/span><\/p>\n<p><span style=\"color: #000000;\">Se prev\u00e9 para hoy la presencia del intendente en funciones Paulo Campi, adem\u00e1s de funcionarios de Obras P\u00fablicas y personal de Ecogas.<\/span><\/p>\n<p>&nbsp;<\/p>\n","protected":false},"excerpt":{"rendered":"<p>Este mi\u00e9rcoles habr\u00e1 un encuentro sobre la ruta nacional 143, en el que funcionarios municipales y autoridades de Ecogas supervisar\u00e1n la &#8230;<\/p>\n","protected":false},"author":7,"featured_media":110341,"comment_status":"open","ping_status":"open","sticky":false,"template":"","format":"standard","meta":{"footnotes":""},"categories":[5,10],"tags":[],"class_list":["post-110336","post","type-post","status-publish","format-standard","has-post-thumbnail","hentry","category-actualidad","category-destacadas"],"_links":{"self":[{"href":"https:\/\/vinasfm.com\/noticias\/wp-json\/wp\/v2\/posts\/110336","targetHints":{"allow":["GET"]}}],"collection":[{"href":"https:\/\/vinasfm.com\/noticias\/wp-json\/wp\/v2\/posts"}],"about":[{"href":"https:\/\/vinasfm.com\/noticias\/wp-json\/wp\/v2\/types\/post"}],"author":[{"embeddable":true,"href":"https:\/\/vinasfm.com\/noticias\/wp-json\/wp\/v2\/users\/7"}],"replies":[{"embeddable":true,"href":"https:\/\/vinasfm.com\/noticias\/wp-json\/wp\/v2\/comments?post=110336"}],"version-history":[{"count":2,"href":"https:\/\/vinasfm.com\/noticias\/wp-json\/wp\/v2\/posts\/110336\/revisions"}],"predecessor-version":[{"id":110344,"href":"https:\/\/vinasfm.com\/noticias\/wp-json\/wp\/v2\/posts\/110336\/revisions\/110344"}],"wp:featuredmedia":[{"embeddable":true,"href":"https:\/\/vinasfm.com\/noticias\/wp-json\/wp\/v2\/media\/110341"}],"wp:attachment":[{"href":"https:\/\/vinasfm.com\/noticias\/wp-json\/wp\/v2\/media?parent=110336"}],"wp:term":[{"taxonomy":"category","embeddable":true,"href":"https:\/\/vinasfm.com\/noticias\/wp-json\/wp\/v2\/categories?post=110336"},{"taxonomy":"post_tag","embeddable":true,"href":"https:\/\/vinasfm.com\/noticias\/wp-json\/wp\/v2\/tags?post=110336"}],"curies":[{"name":"wp","href":"https:\/\/api.w.org\/{rel}","templated":true}]}}