{"id":110321,"date":"2022-06-29T12:10:09","date_gmt":"2022-06-29T15:10:09","guid":{"rendered":"http:\/\/vinasfm.com\/noticias\/?p=110321"},"modified":"2022-06-30T09:09:42","modified_gmt":"2022-06-30T12:09:42","slug":"el-gobierno-de-mendoza-llego-a-un-acuerdo-con-los-anestesistas","status":"publish","type":"post","link":"https:\/\/vinasfm.com\/noticias\/el-gobierno-de-mendoza-llego-a-un-acuerdo-con-los-anestesistas\/","title":{"rendered":"EL GOBIERNO DE MENDOZA LLEG\u00d3 A UN ACUERDO CON LOS ANESTESISTAS"},"content":{"rendered":"<h4><span style=\"color: #000000;\"><strong>Poco despu\u00e9s de que\u00a0el gobernador\u00a0Rodolfo Suarez informara que se hab\u00eda alcanzado un acuerdo\u00a0con los\u00a0anestesistas\u00a0de Mendoza, la ministra de Salud,\u00a0Ana Mar\u00eda Nadal, dio precisiones acerca de lo que se arregl\u00f3 con los profesionales.<\/strong><\/span><\/h4>\n<p><span style=\"color: #000000;\">En una conferencia que comenz\u00f3 este martes poco despu\u00e9s de las 17.30, Nadal destac\u00f3 la\u00a0coordinaci\u00f3n entre el ministerio de Salud y los\u00a0<strong>legisladores<\/strong>\u00a0mendocinos\u00a0a lo largo de las negociaciones. Luego ofreci\u00f3\u00a0<strong>detalles<\/strong>\u00a0sobre lo consensuado.<\/span><\/p>\n<h4><span style=\"color: #000000;\"><strong>El acuerdo con los anestesistas<\/strong><\/span><\/h4>\n<p><span style=\"color: #000000;\">La funcionaria enumer\u00f3 los\u00a0<strong>resultados del acuerdo<\/strong>. Aqu\u00ed, algunos puntos a destacar:<\/span><\/p>\n<ul>\n<li><span style=\"color: #000000;\">La creaci\u00f3n de una\u00a0<strong>sede formadora<\/strong>\u00a0en San Rafael, para sumar anestesistas en el Sur, donde hay gran escasez de esos profesionales.<\/span><\/li>\n<li><span style=\"color: #000000;\">Se normalizar\u00e1 la rutina de\u00a0<strong>6 residentes<\/strong>\u00a0que hab\u00edan visto interrumpida su capacitaci\u00f3n.<\/span><\/li>\n<li><span style=\"color: #000000;\">Se implementar\u00e1 un modelo de atenci\u00f3n vinculado a la\u00a0<strong>cantidad de cirug\u00edas<\/strong>. Es decir que se pagar\u00e1 por operaci\u00f3n. Esto se vincula, entre otros objetivos, con\u00a0<strong>disminuir las listas de espera<\/strong>.<\/span><\/li>\n<li><span style=\"color: #000000;\">Para cumplir con el nuevo cronograma,<strong>\u00a0se agrega un turno<\/strong>\u00a0para intervenciones -el vespertino- que se va a pagar aparte y\u00a0<strong>se sumar\u00e1 a los horarios<\/strong>\u00a0que estaban vigentes hasta ahora.<\/span><\/li>\n<li><span style=\"color: #000000;\">Para estas cirug\u00edas \u201cextra\u201d se destinar\u00e1n<strong>\u00a0$22.000<\/strong>\u00a0por operaci\u00f3n, a dividirse entre el cirujano, el anestesista y un auxiliar.<\/span><\/li>\n<\/ul>\n<p><span style=\"color: #000000;\">Nadal admiti\u00f3 que el Gobierno espera\u00a0<strong>\u201cla reincorporaci\u00f3n inmediata\u201d<\/strong>\u00a0de los profesionales que no estaban yendo a los hospitales.<\/span><\/p>\n<p><span style=\"color: #000000;\">Y en cuanto a los\u00a0<strong>sumarios administrativos<\/strong>\u00a0que -se dec\u00eda- iban a aplicarse a los m\u00e9dicos que no cumplieran sus tareas, la ministra se\u00f1al\u00f3 que\u00a0<strong>\u201ceran decisiones tomadas en el marco de una ley de emergencia\u201d<\/strong>\u00a0y que, por lo tanto, el problema\u00a0<strong>\u201cdeviene en abstracto\u201d<\/strong>.<\/span><\/p>\n","protected":false},"excerpt":{"rendered":"<p>Poco despu\u00e9s de que\u00a0el gobernador\u00a0Rodolfo Suarez informara que se hab\u00eda alcanzado un acuerdo\u00a0con los\u00a0anestesistas\u00a0de Mendoza, la ministra de Salud,\u00a0Ana Mar\u00eda Nadal, &#8230;<\/p>\n","protected":false},"author":8,"featured_media":67544,"comment_status":"open","ping_status":"open","sticky":false,"template":"","format":"standard","meta":{"footnotes":""},"categories":[5,15],"tags":[],"class_list":["post-110321","post","type-post","status-publish","format-standard","has-post-thumbnail","hentry","category-actualidad","category-salud"],"_links":{"self":[{"href":"https:\/\/vinasfm.com\/noticias\/wp-json\/wp\/v2\/posts\/110321","targetHints":{"allow":["GET"]}}],"collection":[{"href":"https:\/\/vinasfm.com\/noticias\/wp-json\/wp\/v2\/posts"}],"about":[{"href":"https:\/\/vinasfm.com\/noticias\/wp-json\/wp\/v2\/types\/post"}],"author":[{"embeddable":true,"href":"https:\/\/vinasfm.com\/noticias\/wp-json\/wp\/v2\/users\/8"}],"replies":[{"embeddable":true,"href":"https:\/\/vinasfm.com\/noticias\/wp-json\/wp\/v2\/comments?post=110321"}],"version-history":[{"count":1,"href":"https:\/\/vinasfm.com\/noticias\/wp-json\/wp\/v2\/posts\/110321\/revisions"}],"predecessor-version":[{"id":110322,"href":"https:\/\/vinasfm.com\/noticias\/wp-json\/wp\/v2\/posts\/110321\/revisions\/110322"}],"wp:featuredmedia":[{"embeddable":true,"href":"https:\/\/vinasfm.com\/noticias\/wp-json\/wp\/v2\/media\/67544"}],"wp:attachment":[{"href":"https:\/\/vinasfm.com\/noticias\/wp-json\/wp\/v2\/media?parent=110321"}],"wp:term":[{"taxonomy":"category","embeddable":true,"href":"https:\/\/vinasfm.com\/noticias\/wp-json\/wp\/v2\/categories?post=110321"},{"taxonomy":"post_tag","embeddable":true,"href":"https:\/\/vinasfm.com\/noticias\/wp-json\/wp\/v2\/tags?post=110321"}],"curies":[{"name":"wp","href":"https:\/\/api.w.org\/{rel}","templated":true}]}}