{"id":110310,"date":"2022-06-29T00:01:54","date_gmt":"2022-06-29T03:01:54","guid":{"rendered":"http:\/\/vinasfm.com\/noticias\/?p=110310"},"modified":"2022-06-30T09:59:42","modified_gmt":"2022-06-30T12:59:42","slug":"futbol-local-se-reanuda-la-octava-fecha-de-la-liga-alvearense-luego-de-los-disturbios-que-se-ocasionaron-hace-dos-semanas","status":"publish","type":"post","link":"https:\/\/vinasfm.com\/noticias\/futbol-local-se-reanuda-la-octava-fecha-de-la-liga-alvearense-luego-de-los-disturbios-que-se-ocasionaron-hace-dos-semanas\/","title":{"rendered":"DURAS SANCIONES Y ADELANTO DE ELECCIONES EN LA LIGA, LOS TEMAS CONFIRMADOS POR JULIO LUGEA"},"content":{"rendered":"<h4><span style=\"color: #000000;\"><strong>Luego del disturbio que tuvo como protagonistas a dos equipos del f\u00fatbol local, anoche mediante el tribunal de pena se confirmaron las respectivas sanciones para cada plantel y se programo la octava fecha del f\u00fatbol local.<\/strong><\/span><\/h4>\n<p><span style=\"color: #000000;\">Por su parte para Mat\u00edas Arce, Lucas Arce y el ayudante de campo provenientes de Col\u00f3n recibieron el castigo de cinco a\u00f1os de sanci\u00f3n, para el DT de dicho equipo Dar\u00edo Arce quedo la sanci\u00f3n establecida que era la suspensi\u00f3n de tres partidos.\u00a0 Por otro lado la polic\u00eda departamental tambi\u00e9n acudi\u00f3 a la reuni\u00f3n para establecer la seguridad que se regir\u00e1 en las pr\u00f3ximas fechas.<\/span><\/p>\n<p><span style=\"color: #000000;\">En dialogo con <strong>F.M VI\u00d1AS<\/strong> el <strong>Presidente de la Liga Alvearense de F\u00fatbol Julio Lugea\u00a0<\/strong>se adentro a explicar la situaci\u00f3n: <strong><em>\u00ab<\/em>Se estuvo charlando con la polic\u00eda y nos estuvo explicando todo lo nuevo que se implementara, para el Deportivo Bowen por algunos partidos tendr\u00e1n 15 polic\u00edas cuando jueguen de locales\u00bb.<\/strong> Adem\u00e1s, Col\u00f3n recibi\u00f3 la suspensi\u00f3n de su cancha por dos fechas, la octava fecha visitara a Real del Padre y la novena fecha tendr\u00e1 lugar en otra cancha.<\/span><\/p>\n<p><span style=\"color: #000000;\">Asimismo, Julio Luguea confirm\u00f3 que se realizaran nuevas elecciones en el mes de enero del a\u00f1o siguiente, mediante la asamblea se elegir\u00e1 un nuevo presidente para la Liga de F\u00fatbol Alvearense: <strong>\u00abPor problemas particulares m\u00edos no puedo seguir en la presidencia, ayer charlamos todo esto de las nuevas elecciones para poder dejar todo en orden para el pr\u00f3ximo presidente\u00bb.<\/strong><\/span><\/p>\n<p><span style=\"color: #000000;\"> Dado que tambi\u00e9n el f\u00fatbol femenino se vio afectado por los conflictos de hace dos semanas, no se tomaron sanciones para los equipos pero si se estuvo organizando para el realizar el pr\u00f3ximo campeonato, el martes que viene estar\u00e1 en su totalidad todas las ordenes para comenzar de la mejor forma posible.<\/span><\/p>\n<p><span style=\"color: #000000;\">L.L.<\/span><\/p>\n","protected":false},"excerpt":{"rendered":"<p>Luego del disturbio que tuvo como protagonistas a dos equipos del f\u00fatbol local, anoche mediante el tribunal de pena se confirmaron &#8230;<\/p>\n","protected":false},"author":7,"featured_media":84474,"comment_status":"open","ping_status":"open","sticky":false,"template":"","format":"standard","meta":{"footnotes":""},"categories":[5,3],"tags":[],"class_list":["post-110310","post","type-post","status-publish","format-standard","has-post-thumbnail","hentry","category-actualidad","category-deportes"],"_links":{"self":[{"href":"https:\/\/vinasfm.com\/noticias\/wp-json\/wp\/v2\/posts\/110310","targetHints":{"allow":["GET"]}}],"collection":[{"href":"https:\/\/vinasfm.com\/noticias\/wp-json\/wp\/v2\/posts"}],"about":[{"href":"https:\/\/vinasfm.com\/noticias\/wp-json\/wp\/v2\/types\/post"}],"author":[{"embeddable":true,"href":"https:\/\/vinasfm.com\/noticias\/wp-json\/wp\/v2\/users\/7"}],"replies":[{"embeddable":true,"href":"https:\/\/vinasfm.com\/noticias\/wp-json\/wp\/v2\/comments?post=110310"}],"version-history":[{"count":4,"href":"https:\/\/vinasfm.com\/noticias\/wp-json\/wp\/v2\/posts\/110310\/revisions"}],"predecessor-version":[{"id":110345,"href":"https:\/\/vinasfm.com\/noticias\/wp-json\/wp\/v2\/posts\/110310\/revisions\/110345"}],"wp:featuredmedia":[{"embeddable":true,"href":"https:\/\/vinasfm.com\/noticias\/wp-json\/wp\/v2\/media\/84474"}],"wp:attachment":[{"href":"https:\/\/vinasfm.com\/noticias\/wp-json\/wp\/v2\/media?parent=110310"}],"wp:term":[{"taxonomy":"category","embeddable":true,"href":"https:\/\/vinasfm.com\/noticias\/wp-json\/wp\/v2\/categories?post=110310"},{"taxonomy":"post_tag","embeddable":true,"href":"https:\/\/vinasfm.com\/noticias\/wp-json\/wp\/v2\/tags?post=110310"}],"curies":[{"name":"wp","href":"https:\/\/api.w.org\/{rel}","templated":true}]}}