{"id":110186,"date":"2022-06-27T23:59:03","date_gmt":"2022-06-28T02:59:03","guid":{"rendered":"http:\/\/vinasfm.com\/noticias\/?p=110186"},"modified":"2022-06-29T08:47:24","modified_gmt":"2022-06-29T11:47:24","slug":"todo-listo-para-los-festejos-patronales-en-san-pedro-del-atuel","status":"publish","type":"post","link":"https:\/\/vinasfm.com\/noticias\/todo-listo-para-los-festejos-patronales-en-san-pedro-del-atuel\/","title":{"rendered":"TODO LISTO PARA LOS FESTEJOS PATRONALES EN SAN PEDRO DEL ATUEL"},"content":{"rendered":"<h4><span style=\"color: #000000;\"><strong>El Delegado de San Pedro del Atuel Pablo Roa invit\u00f3 a los Festejos patronales San Pedro Ap\u00f3stol, a realizarse el s\u00e1bado 2 y domingo 3 de julio, con una gran cantidad de actividades programadas.<\/strong><\/span><\/h4>\n<p><span style=\"color: #000000;\">Las actividades comenzar\u00e1n el s\u00e1bado 2 de julio, a las 09 hs cuando se har\u00e1 la apertura de stands, en tanto que a las 10hs comenzar\u00e1 el Festival h\u00edpico. El domingo 3 de julio, a las 9:30 hs iniciar\u00e1n las actividades con la Santa Misa en la Capilla San Pedro Ap\u00f3stol; a las 10:30 hs contin\u00faan con el desayuno de autoridades en el Centro Cultural Responde; a las 11 hs ser\u00e1 el Acto Oficial en la Plazoleta Pedro Christophersen; a partir de las 12hs inicia un Desfile C\u00edvico Escolar por la Diagonal Pedro Christophersen.<\/span><\/p>\n<p><span style=\"color: #000000;\">A las 13 hs ser\u00e1 el tradicional Almuerzo Oficial en el Polideportivo de Carmensa; a las 14hs inician las Destrezas Criollas en el Predio de los Festejos Patronales. En el mismo sitio, a las 16hs habr\u00e1 juegos infantiles; a las 17hs se convidar\u00e1 chocolate caliente a los ni\u00f1os, por lo que se solicita llevar taza.<\/span><\/p>\n<p><span style=\"color: #000000;\">A las 17:30hs comienzan los espect\u00e1culos art\u00edsticos y premiaci\u00f3n de las Destrezas Criollas. Se presentar\u00e1 en el escenario el Ballet Municipal, Ballet Herencia Sure\u00f1a, Ballet Pa\u00f1uelos al Viento, Grupo Herencia, Ballet Ucraniano, Las voces del Atuel, Renacer Chamamecero. Y a las 20:30hs se va a encender la tradicional fogata.<\/span><\/p>\n<p><span style=\"color: #000000;\">\u201c<strong><em>Nos ha llevado mucho trabajo organizar el evento, todo el personal de la Delegaci\u00f3n ha dado todo para que el evento sea un \u00e9xito<\/em><\/strong>\u201d, subray\u00f3 el Delegado distrital Pablo Roa, quien adem\u00e1s, invit\u00f3 a alvearenses y turistas a participar de los festejos patronales San Pedro Ap\u00f3stol.<\/span><\/p>\n","protected":false},"excerpt":{"rendered":"<p>El Delegado de San Pedro del Atuel Pablo Roa invit\u00f3 a los Festejos patronales San Pedro Ap\u00f3stol, a realizarse el s\u00e1bado &#8230;<\/p>\n","protected":false},"author":8,"featured_media":110187,"comment_status":"open","ping_status":"open","sticky":false,"template":"","format":"standard","meta":{"footnotes":""},"categories":[5,10],"tags":[],"class_list":["post-110186","post","type-post","status-publish","format-standard","has-post-thumbnail","hentry","category-actualidad","category-destacadas"],"_links":{"self":[{"href":"https:\/\/vinasfm.com\/noticias\/wp-json\/wp\/v2\/posts\/110186","targetHints":{"allow":["GET"]}}],"collection":[{"href":"https:\/\/vinasfm.com\/noticias\/wp-json\/wp\/v2\/posts"}],"about":[{"href":"https:\/\/vinasfm.com\/noticias\/wp-json\/wp\/v2\/types\/post"}],"author":[{"embeddable":true,"href":"https:\/\/vinasfm.com\/noticias\/wp-json\/wp\/v2\/users\/8"}],"replies":[{"embeddable":true,"href":"https:\/\/vinasfm.com\/noticias\/wp-json\/wp\/v2\/comments?post=110186"}],"version-history":[{"count":2,"href":"https:\/\/vinasfm.com\/noticias\/wp-json\/wp\/v2\/posts\/110186\/revisions"}],"predecessor-version":[{"id":110314,"href":"https:\/\/vinasfm.com\/noticias\/wp-json\/wp\/v2\/posts\/110186\/revisions\/110314"}],"wp:featuredmedia":[{"embeddable":true,"href":"https:\/\/vinasfm.com\/noticias\/wp-json\/wp\/v2\/media\/110187"}],"wp:attachment":[{"href":"https:\/\/vinasfm.com\/noticias\/wp-json\/wp\/v2\/media?parent=110186"}],"wp:term":[{"taxonomy":"category","embeddable":true,"href":"https:\/\/vinasfm.com\/noticias\/wp-json\/wp\/v2\/categories?post=110186"},{"taxonomy":"post_tag","embeddable":true,"href":"https:\/\/vinasfm.com\/noticias\/wp-json\/wp\/v2\/tags?post=110186"}],"curies":[{"name":"wp","href":"https:\/\/api.w.org\/{rel}","templated":true}]}}